{"id":3201,"date":"2022-02-14T08:41:12","date_gmt":"2022-02-14T08:41:12","guid":{"rendered":"http:\/\/iesvegademijas.es\/revista\/?p=3201"},"modified":"2022-02-14T08:41:12","modified_gmt":"2022-02-14T08:41:12","slug":"aldea-y-ampliacion-del-parque-botanico","status":"publish","type":"post","link":"https:\/\/blogsaverroes.juntadeandalucia.es\/revistaivega\/2022\/02\/14\/aldea-y-ampliacion-del-parque-botanico\/","title":{"rendered":"ALDEA Y AMPLIACI\u00d3N DEL PARQUE BOT\u00c1NICO"},"content":{"rendered":"<p>Como es bien sabido, llevamos a\u00f1os desarrollando el programa Aldea en nuestro Centro, cuyos objetivos persiguen el conocimiento de los ecosistemas de nuestro entorno para fomentar la protecci\u00f3n de los mismos. Desde hace un par de a\u00f1os, sum\u00e1ndose al proyecto EducAves, se desarrolla el programa Semillas, donde se persigue la protecci\u00f3n del medio ambiente conociendo las especies vegetales t\u00edpicas de nuestra provincia y Comunidad Aut\u00f3noma.<\/p>\n<p>Teniendo en cuenta todo esto y continuando con unos de los objetivos que deb\u00edamos conseguir el curso pasado, que era la construcci\u00f3n de un jard\u00edn bot\u00e1nico con especies de cact\u00e1ceas y plantas crasas donde podemos ver grupos de cactus del g\u00e9nero Mammilaria y Echinoc\u00e1ctus y cact\u00e1ceas donde podemos nombrar Euphorbias y aloes entre otras, este a\u00f1o hemos ampliado el jard\u00edn con m\u00e1s de 15 especies arom\u00e1ticas t\u00edpicas de nuestra comunidad.<\/p>\n<p>En este sentido, el alumnado de 1\u00ba de bachillerato de la materia IEC, apoyados por el alumnado de 4\u00ba de ESO y por el alumnado del aula TEA, han sumado su esfuerzo para el mantenimiento del jard\u00edn al completo, ayudando a su limpieza, riego y eliminaci\u00f3n de plantas no deseadas. A su vez, han limpiado la zona de ampliaci\u00f3n del jard\u00edn y han tendido y fijado la malla antihierbas cubriendo esa zona y plantando el conjunto de plantas arom\u00e1ticas donde podemos destacar lavandas, lav\u00e1ndulas, romero, tomillo, hierbabuena, santolina y or\u00e9gano, entre otras.<\/p>\n<p>Se hace un llamamiento a todo el alumnado del centro para que visite el jard\u00edn y respete el trabajo de sus compa\u00f1eros manteniendo las instalaciones del jard\u00edn y protejan las plantas del mismo.<\/p>\n<p><img loading=\"lazy\" decoding=\"async\" class=\"alignnone size-medium wp-image-3203\" src=\"http:\/\/iesvegademijas.es\/revista\/wp-content\/uploads\/2022\/02\/20211217_121209-300x225.jpg\" alt=\"\" width=\"300\" height=\"225\" \/> <img loading=\"lazy\" decoding=\"async\" class=\"alignnone size-medium wp-image-3204\" src=\"http:\/\/iesvegademijas.es\/revista\/wp-content\/uploads\/2022\/02\/20220111_094652-300x225.jpg\" alt=\"\" width=\"300\" height=\"225\" \/> <img loading=\"lazy\" decoding=\"async\" class=\"alignnone size-medium wp-image-3205\" src=\"http:\/\/iesvegademijas.es\/revista\/wp-content\/uploads\/2022\/02\/20220111_094716-300x225.jpg\" alt=\"\" width=\"300\" height=\"225\" \/> <img loading=\"lazy\" decoding=\"async\" class=\"alignnone size-medium wp-image-3206\" src=\"http:\/\/iesvegademijas.es\/revista\/wp-content\/uploads\/2022\/02\/20220111_094718-300x225.jpg\" alt=\"\" width=\"300\" height=\"225\" \/> <img loading=\"lazy\" decoding=\"async\" class=\"alignnone size-medium wp-image-3207\" src=\"http:\/\/iesvegademijas.es\/revista\/wp-content\/uploads\/2022\/02\/20220125_095843-225x300.jpg\" alt=\"\" width=\"225\" height=\"300\" \/> <img loading=\"lazy\" decoding=\"async\" class=\"alignnone size-medium wp-image-3208\" src=\"http:\/\/iesvegademijas.es\/revista\/wp-content\/uploads\/2022\/02\/20220128_122307-300x225.jpg\" alt=\"\" width=\"300\" height=\"225\" \/> <img loading=\"lazy\" decoding=\"async\" class=\"alignnone size-medium wp-image-3209\" src=\"http:\/\/iesvegademijas.es\/revista\/wp-content\/uploads\/2022\/02\/20220128_122359-225x300.jpg\" alt=\"\" width=\"225\" height=\"300\" \/> <img loading=\"lazy\" decoding=\"async\" class=\"alignnone size-medium wp-image-3210\" src=\"http:\/\/iesvegademijas.es\/revista\/wp-content\/uploads\/2022\/02\/IMG-20220125-WA0005-300x169.jpeg\" alt=\"\" width=\"300\" height=\"169\" \/><\/p>\n","protected":false},"excerpt":{"rendered":"<p>Como es bien sabido, llevamos a\u00f1os desarrollando el programa Aldea en nuestro Centro, cuyos objetivos persiguen el conocimiento de los ecosistemas de nuestro entorno para fomentar la protecci\u00f3n de los mismos. Desde hace un&#46;&#46;&#46;<\/p>\n","protected":false},"author":16445,"featured_media":3208,"comment_status":"open","ping_status":"closed","sticky":false,"template":"","format":"standard","meta":{"ngg_post_thumbnail":0,"footnotes":""},"categories":[4,2],"tags":[],"aioseo_notices":[],"_links":{"self":[{"href":"https:\/\/blogsaverroes.juntadeandalucia.es\/revistaivega\/wp-json\/wp\/v2\/posts\/3201"}],"collection":[{"href":"https:\/\/blogsaverroes.juntadeandalucia.es\/revistaivega\/wp-json\/wp\/v2\/posts"}],"about":[{"href":"https:\/\/blogsaverroes.juntadeandalucia.es\/revistaivega\/wp-json\/wp\/v2\/types\/post"}],"author":[{"embeddable":true,"href":"https:\/\/blogsaverroes.juntadeandalucia.es\/revistaivega\/wp-json\/wp\/v2\/users\/16445"}],"replies":[{"embeddable":true,"href":"https:\/\/blogsaverroes.juntadeandalucia.es\/revistaivega\/wp-json\/wp\/v2\/comments?post=3201"}],"version-history":[{"count":0,"href":"https:\/\/blogsaverroes.juntadeandalucia.es\/revistaivega\/wp-json\/wp\/v2\/posts\/3201\/revisions"}],"wp:featuredmedia":[{"embeddable":true,"href":"https:\/\/blogsaverroes.juntadeandalucia.es\/revistaivega\/wp-json\/"}],"wp:attachment":[{"href":"https:\/\/blogsaverroes.juntadeandalucia.es\/revistaivega\/wp-json\/wp\/v2\/media?parent=3201"}],"wp:term":[{"taxonomy":"category","embeddable":true,"href":"https:\/\/blogsaverroes.juntadeandalucia.es\/revistaivega\/wp-json\/wp\/v2\/categories?post=3201"},{"taxonomy":"post_tag","embeddable":true,"href":"https:\/\/blogsaverroes.juntadeandalucia.es\/revistaivega\/wp-json\/wp\/v2\/tags?post=3201"}],"curies":[{"name":"wp","href":"https:\/\/api.w.org\/{rel}","templated":true}]}}