{"id":3467,"date":"2022-04-10T23:02:03","date_gmt":"2022-04-10T23:02:03","guid":{"rendered":"http:\/\/iesvegademijas.es\/revista\/?p=3467"},"modified":"2022-04-10T23:02:03","modified_gmt":"2022-04-10T23:02:03","slug":"juegos-adaptados-para-personas-con-discapacidad","status":"publish","type":"post","link":"https:\/\/blogsaverroes.juntadeandalucia.es\/revistaivega\/2022\/04\/10\/juegos-adaptados-para-personas-con-discapacidad\/","title":{"rendered":"JUEGOS ADAPTADOS PARA PERSONAS CON DISCAPACIDAD"},"content":{"rendered":"<p><span style=\"font-family: 'times new roman', times, serif\"><img loading=\"lazy\" decoding=\"async\" class=\"aligncenter wp-image-3468 size-full\" src=\"http:\/\/iesvegademijas.es\/revista\/wp-content\/uploads\/2022\/04\/20220404_122841-scaled.jpg\" alt=\"\" width=\"2560\" height=\"1152\" \/><span style=\"color: #000000\">Durante la Semana Cultural los profesores de Educaci\u00f3n F\u00edsica, con la colaboraci\u00f3n de los alumnos de 4\u00baESO, han organizado <\/span><\/span><span style=\"font-family: 'times new roman', times, serif\"><span style=\"color: #000000\"><strong>un circuito de puestos o zonas adaptadas<\/strong> para que los alumnos de diferentes niveles <strong>jugaran como si fueran invidentes o tuvieran movilidad reducida<\/strong>. La actividad se enmarca <\/span><strong><span style=\"color: #000000\">dentro de uno de los proyectos<\/span> <span style=\"color: #000080\"><a style=\"color: #000080\" href=\"https:\/\/www.etwinning.net\/\" target=\"_blank\" rel=\"noopener noreferrer\">Etwinning<\/a><\/span><\/strong><span style=\"color: #000000\"> en los que participan alumnos de nuestro instituto junto a otros de otros centros escolares de Francia, Noruega y Espa\u00f1a, y cuyo objetivo es <strong>concienciar a los j\u00f3venes sobre las barreras arquitect\u00f3nicas y otras dificultades diarias<\/strong> que se encuentran las personas invidentes en nuestras ciudades.\u00a0<\/span><\/span><\/p>\n<div style=\"width: 1280px;\" class=\"wp-video\"><!--[if lt IE 9]><script>document.createElement('video');<\/script><![endif]-->\n<video class=\"wp-video-shortcode\" id=\"video-3467-1\" width=\"1280\" height=\"720\" poster=\"http:\/\/iesvegademijas.es\/revista\/wp-content\/uploads\/2022\/04\/20220404_121843-scaled.jpg\" preload=\"metadata\" controls=\"controls\"><source type=\"video\/mp4\" src=\"http:\/\/iesvegademijas.es\/revista\/wp-content\/uploads\/2022\/04\/Juegos-adaptados-IES-Vega-de-Mijas-abril-2022-1.mp4?_=1\" \/><a href=\"http:\/\/iesvegademijas.es\/revista\/wp-content\/uploads\/2022\/04\/Juegos-adaptados-IES-Vega-de-Mijas-abril-2022-1.mp4\">http:\/\/iesvegademijas.es\/revista\/wp-content\/uploads\/2022\/04\/Juegos-adaptados-IES-Vega-de-Mijas-abril-2022-1.mp4<\/a><\/video><\/div>\n<p><span style=\"color: #000000\"><span style=\"font-family: times new roman, times, serif\">El circuito adaptado constaba de varias zonas de juego, como la de los balones de cascabeles para invidentes, en la que los alumnos deb\u00edan usar antifaces cedidos por la ONCE; balonmano jugado sentado; b\u00e1dminton tambi\u00e9n sentado; y un recorrido guiado para superar una serie de pruebas de saltos.<\/span><\/span><\/p>\n<p><img loading=\"lazy\" decoding=\"async\" class=\"aligncenter size-full wp-image-3475\" src=\"http:\/\/iesvegademijas.es\/revista\/wp-content\/uploads\/2022\/04\/20220404_133724-scaled.jpg\" alt=\"\" width=\"2560\" height=\"1152\" \/><\/p>\n","protected":false},"excerpt":{"rendered":"<p>Durante la Semana Cultural los profesores de Educaci\u00f3n F\u00edsica, con la colaboraci\u00f3n de los alumnos de 4\u00baESO, han organizado un circuito de puestos o zonas adaptadas para que los alumnos de diferentes niveles jugaran&#46;&#46;&#46;<\/p>\n","protected":false},"author":16445,"featured_media":3468,"comment_status":"open","ping_status":"closed","sticky":false,"template":"","format":"standard","meta":{"ngg_post_thumbnail":0,"footnotes":""},"categories":[19,8],"tags":[111,70],"aioseo_notices":[],"_links":{"self":[{"href":"https:\/\/blogsaverroes.juntadeandalucia.es\/revistaivega\/wp-json\/wp\/v2\/posts\/3467"}],"collection":[{"href":"https:\/\/blogsaverroes.juntadeandalucia.es\/revistaivega\/wp-json\/wp\/v2\/posts"}],"about":[{"href":"https:\/\/blogsaverroes.juntadeandalucia.es\/revistaivega\/wp-json\/wp\/v2\/types\/post"}],"author":[{"embeddable":true,"href":"https:\/\/blogsaverroes.juntadeandalucia.es\/revistaivega\/wp-json\/wp\/v2\/users\/16445"}],"replies":[{"embeddable":true,"href":"https:\/\/blogsaverroes.juntadeandalucia.es\/revistaivega\/wp-json\/wp\/v2\/comments?post=3467"}],"version-history":[{"count":0,"href":"https:\/\/blogsaverroes.juntadeandalucia.es\/revistaivega\/wp-json\/wp\/v2\/posts\/3467\/revisions"}],"wp:featuredmedia":[{"embeddable":true,"href":"https:\/\/blogsaverroes.juntadeandalucia.es\/revistaivega\/wp-json\/"}],"wp:attachment":[{"href":"https:\/\/blogsaverroes.juntadeandalucia.es\/revistaivega\/wp-json\/wp\/v2\/media?parent=3467"}],"wp:term":[{"taxonomy":"category","embeddable":true,"href":"https:\/\/blogsaverroes.juntadeandalucia.es\/revistaivega\/wp-json\/wp\/v2\/categories?post=3467"},{"taxonomy":"post_tag","embeddable":true,"href":"https:\/\/blogsaverroes.juntadeandalucia.es\/revistaivega\/wp-json\/wp\/v2\/tags?post=3467"}],"curies":[{"name":"wp","href":"https:\/\/api.w.org\/{rel}","templated":true}]}}