{"id":3532,"date":"2022-04-09T07:56:18","date_gmt":"2022-04-09T07:56:18","guid":{"rendered":"https:\/\/iesvegademijas.es\/revista\/?p=3532"},"modified":"2022-04-09T07:56:18","modified_gmt":"2022-04-09T07:56:18","slug":"semana-cultural-carnivals-around-the-world","status":"publish","type":"post","link":"https:\/\/blogsaverroes.juntadeandalucia.es\/revistaivega\/2022\/04\/09\/semana-cultural-carnivals-around-the-world\/","title":{"rendered":"SEMANA CULTURAL: CARNIVALS AROUND THE WORLD"},"content":{"rendered":"<p>El alumnado de 1\u00ba ESO ha podido disfrutar de un buen n\u00famero de experiencias muy enriquecedoras durante la Semana Cultural. En esta entrada hablamos en concreto de una serie de charlas en ingl\u00e9s organizadas y llevadas a cabo por el alumnado de cursos superiores de Secundaria en las que daban a conocer aspectos muy interesantes de otras culturas.<\/p>\n<p>En estas im\u00e1genes podemos observar al alumnado de 4\u00baA, que fue el encargado de transmitir informaci\u00f3n sobre los carnavales m\u00e1s famosos que se celebran en el mundo a sus compa\u00f1eros de 1\u00baF. Sus presentaciones contaban con un gran n\u00famero de im\u00e1genes, v\u00eddeos e incluso juegos encaminados a hacer que los alumnos m\u00e1s j\u00f3venes aprendieran y se interesaran en otras culturas.<\/p>\n<p><img loading=\"lazy\" decoding=\"async\" class=\"alignnone size-large wp-image-3533\" src=\"http:\/\/iesvegademijas.es\/revista\/wp-content\/uploads\/2022\/04\/81625AF6-49F6-4F56-B52B-4DA7D92FBF12-1024x768.jpeg\" alt=\"\" width=\"1024\" height=\"768\" \/> <img loading=\"lazy\" decoding=\"async\" class=\"alignnone size-large wp-image-3534\" src=\"http:\/\/iesvegademijas.es\/revista\/wp-content\/uploads\/2022\/04\/2835CA86-96BE-4DAE-9DD0-78D2BD1B2B26-1024x768.jpeg\" alt=\"\" width=\"1024\" height=\"768\" \/> <img loading=\"lazy\" decoding=\"async\" class=\"alignnone size-large wp-image-3535\" src=\"http:\/\/iesvegademijas.es\/revista\/wp-content\/uploads\/2022\/04\/67312823-0CE7-4078-A9EE-E5FE0D53FF14-1024x768.jpeg\" alt=\"\" width=\"1024\" height=\"768\" \/> <img loading=\"lazy\" decoding=\"async\" class=\"alignnone size-large wp-image-3536\" src=\"http:\/\/iesvegademijas.es\/revista\/wp-content\/uploads\/2022\/04\/18A0B53E-34DF-4A9A-A938-4865C2B63117-1024x768.jpeg\" alt=\"\" width=\"1024\" height=\"768\" \/><\/p>\n","protected":false},"excerpt":{"rendered":"<p>El alumnado de 1\u00ba ESO ha podido disfrutar de un buen n\u00famero de experiencias muy enriquecedoras durante la Semana Cultural. En esta entrada hablamos en concreto de una serie de charlas en ingl\u00e9s organizadas&#46;&#46;&#46;<\/p>\n","protected":false},"author":16445,"featured_media":3538,"comment_status":"open","ping_status":"closed","sticky":false,"template":"","format":"standard","meta":{"ngg_post_thumbnail":0,"footnotes":""},"categories":[12,8],"tags":[],"aioseo_notices":[],"_links":{"self":[{"href":"https:\/\/blogsaverroes.juntadeandalucia.es\/revistaivega\/wp-json\/wp\/v2\/posts\/3532"}],"collection":[{"href":"https:\/\/blogsaverroes.juntadeandalucia.es\/revistaivega\/wp-json\/wp\/v2\/posts"}],"about":[{"href":"https:\/\/blogsaverroes.juntadeandalucia.es\/revistaivega\/wp-json\/wp\/v2\/types\/post"}],"author":[{"embeddable":true,"href":"https:\/\/blogsaverroes.juntadeandalucia.es\/revistaivega\/wp-json\/wp\/v2\/users\/16445"}],"replies":[{"embeddable":true,"href":"https:\/\/blogsaverroes.juntadeandalucia.es\/revistaivega\/wp-json\/wp\/v2\/comments?post=3532"}],"version-history":[{"count":0,"href":"https:\/\/blogsaverroes.juntadeandalucia.es\/revistaivega\/wp-json\/wp\/v2\/posts\/3532\/revisions"}],"wp:featuredmedia":[{"embeddable":true,"href":"https:\/\/blogsaverroes.juntadeandalucia.es\/revistaivega\/wp-json\/"}],"wp:attachment":[{"href":"https:\/\/blogsaverroes.juntadeandalucia.es\/revistaivega\/wp-json\/wp\/v2\/media?parent=3532"}],"wp:term":[{"taxonomy":"category","embeddable":true,"href":"https:\/\/blogsaverroes.juntadeandalucia.es\/revistaivega\/wp-json\/wp\/v2\/categories?post=3532"},{"taxonomy":"post_tag","embeddable":true,"href":"https:\/\/blogsaverroes.juntadeandalucia.es\/revistaivega\/wp-json\/wp\/v2\/tags?post=3532"}],"curies":[{"name":"wp","href":"https:\/\/api.w.org\/{rel}","templated":true}]}}