{"id":3731,"date":"2022-06-05T14:24:12","date_gmt":"2022-06-05T14:24:12","guid":{"rendered":"http:\/\/iesvegademijas.es\/revista\/?p=3731"},"modified":"2022-06-05T14:24:12","modified_gmt":"2022-06-05T14:24:12","slug":"mensajes-de-una-escalera","status":"publish","type":"post","link":"https:\/\/blogsaverroes.juntadeandalucia.es\/revistaivega\/2022\/06\/05\/mensajes-de-una-escalera\/","title":{"rendered":"MENSAJES DE UNA ESCALERA"},"content":{"rendered":"<p>Para el d\u00eda 08 de marzo, nuestra profesora de Lengua y Literatura y coordinadora de Coeducaci\u00f3n, Irene Barroso, junto a su alumnado confeccionaron una serie de citas y frases que nos hacen recordar que debe existir igualdad en todos los sentidos entre todos los seres humanos. Los mensajeros de igualdad recogieron estas frases a partir de las cuales se elabor\u00f3 un concurso para utilizarlas para decorar las tabicas de las escaleras de nuestro centro. A continuaci\u00f3n, nombramos a los ganadores de este concurso y podemos ver unas im\u00e1genes de c\u00f3mo han quedado las escaleras decoradas.<\/p>\n<p>Los ganadores del concurso fueron:<\/p>\n<p>&nbsp;<\/p>\n<p>De 2\u00baA:<br \/>\n&#8211; Burgos Tineo, Andrea<br \/>\n&#8211; Veryha, Tetiana<br \/>\n&#8211; Moreno Mart\u00edn, Sergio<\/p>\n<p>De 2\u00baB:<br \/>\n&#8211; Ramos Espa\u00f1a, Alessandra<\/p>\n<p>De 2\u00baC:<br \/>\n&#8211; Picos Urra, Sheilla Caridad<\/p>\n<p>De 2\u00baG:<br \/>\n&#8211; S\u00e1nchez Mart\u00edn, Sa\u00fal<\/p>\n<p>De 3\u00baA:<br \/>\n&#8211; Campoy Romero, Ana<br \/>\n&#8211; P\u00e9rez Barea, Arturo<\/p>\n<p>Enhorabuena a todos por vuestro trabajo.<\/p>\n<p>Im\u00e1genes de la decoraci\u00f3n de las escaleras:<\/p>\n<p><a href=\"http:\/\/iesvegademijas.es\/revista\/wp-content\/uploads\/2022\/07\/IMG-20220614-WA0037.jpg\"><img loading=\"lazy\" decoding=\"async\" class=\"alignnone size-medium wp-image-3732\" src=\"http:\/\/iesvegademijas.es\/revista\/wp-content\/uploads\/2022\/07\/IMG-20220614-WA0037-225x300.jpg\" alt=\"\" width=\"225\" height=\"300\" \/><\/a> <a href=\"http:\/\/iesvegademijas.es\/revista\/wp-content\/uploads\/2022\/07\/IMG-20220614-WA0038.jpg\"><img loading=\"lazy\" decoding=\"async\" class=\"alignnone size-medium wp-image-3733\" src=\"http:\/\/iesvegademijas.es\/revista\/wp-content\/uploads\/2022\/07\/IMG-20220614-WA0038-225x300.jpg\" alt=\"\" width=\"225\" height=\"300\" \/><\/a> <a href=\"http:\/\/iesvegademijas.es\/revista\/wp-content\/uploads\/2022\/07\/IMG-20220614-WA0039.jpg\"><img loading=\"lazy\" decoding=\"async\" class=\"alignnone size-medium wp-image-3734\" src=\"http:\/\/iesvegademijas.es\/revista\/wp-content\/uploads\/2022\/07\/IMG-20220614-WA0039-225x300.jpg\" alt=\"\" width=\"225\" height=\"300\" \/><\/a> <a href=\"http:\/\/iesvegademijas.es\/revista\/wp-content\/uploads\/2022\/07\/IMG-20220615-WA0005.jpg\"><img loading=\"lazy\" decoding=\"async\" class=\"alignnone size-medium wp-image-3735\" src=\"http:\/\/iesvegademijas.es\/revista\/wp-content\/uploads\/2022\/07\/IMG-20220615-WA0005-300x300.jpg\" alt=\"\" width=\"300\" height=\"300\" \/><\/a> \u00a0<a href=\"http:\/\/iesvegademijas.es\/revista\/wp-content\/uploads\/2022\/07\/IMG-20220615-WA0008.jpg\"><img loading=\"lazy\" decoding=\"async\" class=\"alignnone size-medium wp-image-3738\" src=\"http:\/\/iesvegademijas.es\/revista\/wp-content\/uploads\/2022\/07\/IMG-20220615-WA0008-300x300.jpg\" alt=\"\" width=\"300\" height=\"300\" \/><\/a> <a href=\"http:\/\/iesvegademijas.es\/revista\/wp-content\/uploads\/2022\/07\/IMG-20220615-WA0009.jpg\"><img loading=\"lazy\" decoding=\"async\" class=\"alignnone size-medium wp-image-3739\" src=\"http:\/\/iesvegademijas.es\/revista\/wp-content\/uploads\/2022\/07\/IMG-20220615-WA0009-300x300.jpg\" alt=\"\" width=\"300\" height=\"300\" \/><\/a><\/p>\n<p><a href=\"http:\/\/iesvegademijas.es\/revista\/wp-content\/uploads\/2022\/07\/IMG-20220615-WA0012.jpg\"><img loading=\"lazy\" decoding=\"async\" class=\"alignnone size-medium wp-image-3740\" src=\"http:\/\/iesvegademijas.es\/revista\/wp-content\/uploads\/2022\/07\/IMG-20220615-WA0012-300x300.jpg\" alt=\"\" width=\"300\" height=\"300\" \/><\/a><\/p>\n","protected":false},"excerpt":{"rendered":"<p>Para el d\u00eda 08 de marzo, nuestra profesora de Lengua y Literatura y coordinadora de Coeducaci\u00f3n, Irene Barroso, junto a su alumnado confeccionaron una serie de citas y frases que nos hacen recordar que&#46;&#46;&#46;<\/p>\n","protected":false},"author":16445,"featured_media":3740,"comment_status":"open","ping_status":"closed","sticky":false,"template":"","format":"standard","meta":{"ngg_post_thumbnail":0,"footnotes":""},"categories":[100,39,42,58],"tags":[],"aioseo_notices":[],"_links":{"self":[{"href":"https:\/\/blogsaverroes.juntadeandalucia.es\/revistaivega\/wp-json\/wp\/v2\/posts\/3731"}],"collection":[{"href":"https:\/\/blogsaverroes.juntadeandalucia.es\/revistaivega\/wp-json\/wp\/v2\/posts"}],"about":[{"href":"https:\/\/blogsaverroes.juntadeandalucia.es\/revistaivega\/wp-json\/wp\/v2\/types\/post"}],"author":[{"embeddable":true,"href":"https:\/\/blogsaverroes.juntadeandalucia.es\/revistaivega\/wp-json\/wp\/v2\/users\/16445"}],"replies":[{"embeddable":true,"href":"https:\/\/blogsaverroes.juntadeandalucia.es\/revistaivega\/wp-json\/wp\/v2\/comments?post=3731"}],"version-history":[{"count":0,"href":"https:\/\/blogsaverroes.juntadeandalucia.es\/revistaivega\/wp-json\/wp\/v2\/posts\/3731\/revisions"}],"wp:featuredmedia":[{"embeddable":true,"href":"https:\/\/blogsaverroes.juntadeandalucia.es\/revistaivega\/wp-json\/"}],"wp:attachment":[{"href":"https:\/\/blogsaverroes.juntadeandalucia.es\/revistaivega\/wp-json\/wp\/v2\/media?parent=3731"}],"wp:term":[{"taxonomy":"category","embeddable":true,"href":"https:\/\/blogsaverroes.juntadeandalucia.es\/revistaivega\/wp-json\/wp\/v2\/categories?post=3731"},{"taxonomy":"post_tag","embeddable":true,"href":"https:\/\/blogsaverroes.juntadeandalucia.es\/revistaivega\/wp-json\/wp\/v2\/tags?post=3731"}],"curies":[{"name":"wp","href":"https:\/\/api.w.org\/{rel}","templated":true}]}}