{"id":4141,"date":"2023-02-12T22:16:48","date_gmt":"2023-02-12T22:16:48","guid":{"rendered":"http:\/\/iesvegademijas.es\/revista\/?p=4141"},"modified":"2023-02-12T22:16:48","modified_gmt":"2023-02-12T22:16:48","slug":"terapia-asistida-con-perros-en-el-aula-tea","status":"publish","type":"post","link":"https:\/\/blogsaverroes.juntadeandalucia.es\/revistaivega\/2023\/02\/12\/terapia-asistida-con-perros-en-el-aula-tea\/","title":{"rendered":"TERAPIA ASISTIDA CON PERROS EN EL AULA TEA"},"content":{"rendered":"<p><b>PROYECTO IMPULSA INCLUSI\u00d3N<\/b><\/p>\n<p><b>TERAPIA ASISTIDA CON PERROS EN EL AULA TEA<\/b><\/p>\n<p>El Programa IMPULSA INCLUSI\u00d3N es la oportunidad de cubrir necesidades a nivel de contexto educativo e individual del alumnado TEA. Uno de nuestros objetivos principales al solicitar el programa fue ampliar las experiencias de aprendizaje a trav\u00e9s de terapias innovadoras. La dotaci\u00f3n econ\u00f3mica que nos han concedido ha sido destinada \u00edntegramente a la realizaci\u00f3n de una Terapia Asistida con Perros (TAP), que se realizar\u00e1 cada viernes desde el 3 de febrero al 2 de junio del 2023.<\/p>\n<p>La ASOCIACI\u00d3N HUELLAS TERAP\u00c9UTICAS de Co\u00edn lleva desde el a\u00f1o 2015 realizando intervenciones asistidas con perros a ni\u00f1os y ni\u00f1as con diversidad funcional. Como doble intencionalidad, los perros con los que trabajan son todos rescatados, d\u00e1ndoles as\u00ed\u0301 una segunda oportunidad y calidad de vida. Con esta terapia potenciamos la inclusi\u00f3n social e intentamos lograr que el d\u00eda de ma\u00f1ana estas personas se puedan desenvolver aut\u00f3nomamente y tengan una vida plena.<span class=\"Apple-converted-space\">\u00a0<\/span><\/p>\n<p>&nbsp;<\/p>\n<p><a href=\"http:\/\/iesvegademijas.es\/revista\/wp-content\/uploads\/2023\/02\/Captura-de-pantalla-2023-02-12-a-las-23.13.03.png\"><img loading=\"lazy\" decoding=\"async\" class=\"alignnone size-medium wp-image-4147\" src=\"http:\/\/iesvegademijas.es\/revista\/wp-content\/uploads\/2023\/02\/Captura-de-pantalla-2023-02-12-a-las-23.13.03-252x300.png\" alt=\"\" width=\"252\" height=\"300\" \/><\/a> <a href=\"http:\/\/iesvegademijas.es\/revista\/wp-content\/uploads\/2023\/02\/Captura-de-pantalla-2023-02-12-a-las-23.12.36.png\"><img loading=\"lazy\" decoding=\"async\" class=\"alignnone size-medium wp-image-4148\" src=\"http:\/\/iesvegademijas.es\/revista\/wp-content\/uploads\/2023\/02\/Captura-de-pantalla-2023-02-12-a-las-23.12.36-235x300.png\" alt=\"\" width=\"235\" height=\"300\" \/><\/a> <a href=\"http:\/\/iesvegademijas.es\/revista\/wp-content\/uploads\/2023\/02\/Captura-de-pantalla-2023-02-12-a-las-23.11.35.png\"><img loading=\"lazy\" decoding=\"async\" class=\"alignnone size-medium wp-image-4149\" src=\"http:\/\/iesvegademijas.es\/revista\/wp-content\/uploads\/2023\/02\/Captura-de-pantalla-2023-02-12-a-las-23.11.35-212x300.png\" alt=\"\" width=\"212\" height=\"300\" \/><\/a> <a href=\"http:\/\/iesvegademijas.es\/revista\/wp-content\/uploads\/2023\/02\/Captura-de-pantalla-2023-02-12-a-las-23.10.36.png\"><img loading=\"lazy\" decoding=\"async\" class=\"alignnone size-medium wp-image-4150\" src=\"http:\/\/iesvegademijas.es\/revista\/wp-content\/uploads\/2023\/02\/Captura-de-pantalla-2023-02-12-a-las-23.10.36-300x195.png\" alt=\"\" width=\"300\" height=\"195\" \/><\/a> <a href=\"http:\/\/iesvegademijas.es\/revista\/wp-content\/uploads\/2023\/02\/Captura-de-pantalla-2023-02-12-a-las-23.09.47.png\"><img loading=\"lazy\" decoding=\"async\" class=\"alignnone size-medium wp-image-4151\" src=\"http:\/\/iesvegademijas.es\/revista\/wp-content\/uploads\/2023\/02\/Captura-de-pantalla-2023-02-12-a-las-23.09.47-190x300.png\" alt=\"\" width=\"190\" height=\"300\" \/><\/a> <a href=\"http:\/\/iesvegademijas.es\/revista\/wp-content\/uploads\/2023\/02\/Captura-de-pantalla-2023-02-12-a-las-23.08.14.png\"><img loading=\"lazy\" decoding=\"async\" class=\"alignnone size-medium wp-image-4152\" src=\"http:\/\/iesvegademijas.es\/revista\/wp-content\/uploads\/2023\/02\/Captura-de-pantalla-2023-02-12-a-las-23.08.14-300x195.png\" alt=\"\" width=\"300\" height=\"195\" \/><\/a> <a href=\"http:\/\/iesvegademijas.es\/revista\/wp-content\/uploads\/2023\/02\/Captura-de-pantalla-2023-02-12-a-las-23.06.02.png\"><img loading=\"lazy\" decoding=\"async\" class=\"alignnone size-medium wp-image-4153\" src=\"http:\/\/iesvegademijas.es\/revista\/wp-content\/uploads\/2023\/02\/Captura-de-pantalla-2023-02-12-a-las-23.06.02-210x300.png\" alt=\"\" width=\"210\" height=\"300\" \/><\/a><\/p>\n","protected":false},"excerpt":{"rendered":"<p>PROYECTO IMPULSA INCLUSI\u00d3N TERAPIA ASISTIDA CON PERROS EN EL AULA TEA El Programa IMPULSA INCLUSI\u00d3N es la oportunidad de cubrir necesidades a nivel de contexto educativo e individual del alumnado TEA. Uno de nuestros&#46;&#46;&#46;<\/p>\n","protected":false},"author":16445,"featured_media":4148,"comment_status":"open","ping_status":"closed","sticky":false,"template":"","format":"standard","meta":{"ngg_post_thumbnail":0,"footnotes":""},"categories":[47,55,43,51],"tags":[],"aioseo_notices":[],"_links":{"self":[{"href":"https:\/\/blogsaverroes.juntadeandalucia.es\/revistaivega\/wp-json\/wp\/v2\/posts\/4141"}],"collection":[{"href":"https:\/\/blogsaverroes.juntadeandalucia.es\/revistaivega\/wp-json\/wp\/v2\/posts"}],"about":[{"href":"https:\/\/blogsaverroes.juntadeandalucia.es\/revistaivega\/wp-json\/wp\/v2\/types\/post"}],"author":[{"embeddable":true,"href":"https:\/\/blogsaverroes.juntadeandalucia.es\/revistaivega\/wp-json\/wp\/v2\/users\/16445"}],"replies":[{"embeddable":true,"href":"https:\/\/blogsaverroes.juntadeandalucia.es\/revistaivega\/wp-json\/wp\/v2\/comments?post=4141"}],"version-history":[{"count":0,"href":"https:\/\/blogsaverroes.juntadeandalucia.es\/revistaivega\/wp-json\/wp\/v2\/posts\/4141\/revisions"}],"wp:featuredmedia":[{"embeddable":true,"href":"https:\/\/blogsaverroes.juntadeandalucia.es\/revistaivega\/wp-json\/"}],"wp:attachment":[{"href":"https:\/\/blogsaverroes.juntadeandalucia.es\/revistaivega\/wp-json\/wp\/v2\/media?parent=4141"}],"wp:term":[{"taxonomy":"category","embeddable":true,"href":"https:\/\/blogsaverroes.juntadeandalucia.es\/revistaivega\/wp-json\/wp\/v2\/categories?post=4141"},{"taxonomy":"post_tag","embeddable":true,"href":"https:\/\/blogsaverroes.juntadeandalucia.es\/revistaivega\/wp-json\/wp\/v2\/tags?post=4141"}],"curies":[{"name":"wp","href":"https:\/\/api.w.org\/{rel}","templated":true}]}}