{"id":4223,"date":"2023-02-15T02:44:26","date_gmt":"2023-02-15T02:44:26","guid":{"rendered":"http:\/\/iesvegademijas.es\/revista\/?p=4223"},"modified":"2023-02-15T02:44:26","modified_gmt":"2023-02-15T02:44:26","slug":"escribimos-por-san-valentin","status":"publish","type":"post","link":"https:\/\/blogsaverroes.juntadeandalucia.es\/revistaivega\/2023\/02\/15\/escribimos-por-san-valentin\/","title":{"rendered":"ESCRIBIMOS POR SAN VALENT\u00cdN"},"content":{"rendered":"<p>El pasado 14 de febrero, celebramos en nuestro centro un concurso de escritura por San Valent\u00edn. Es tradici\u00f3n ya en nuestro centro que animemos a nuestro alumnado a escribir cartas, relatos, poes\u00eda, etc en homenaje al amor o al desamor de amistad, familia, pareja, &#8230; pero siempre partiendo de la tolerancia y el respeto por que este amor sea sano, verdadero y sensato. Aqu\u00ed tenemos im\u00e1genes de los trabajos ganadores y de c\u00f3mo qued\u00f3 nuestra biblioteca una vez decorada por un motivo tan especial porque, sin duda, no podemos vivir sin amor.<\/p>\n<p><a href=\"http:\/\/iesvegademijas.es\/revista\/wp-content\/uploads\/2023\/02\/IMG_7864-scaled.jpeg\"><img loading=\"lazy\" decoding=\"async\" class=\"alignnone size-medium wp-image-4224\" src=\"http:\/\/iesvegademijas.es\/revista\/wp-content\/uploads\/2023\/02\/IMG_7864-300x225.jpeg\" alt=\"\" width=\"300\" height=\"225\" \/><\/a> <a href=\"http:\/\/iesvegademijas.es\/revista\/wp-content\/uploads\/2023\/02\/IMG_7863-scaled.jpeg\"><img loading=\"lazy\" decoding=\"async\" class=\"alignnone size-medium wp-image-4225\" src=\"http:\/\/iesvegademijas.es\/revista\/wp-content\/uploads\/2023\/02\/IMG_7863-300x225.jpeg\" alt=\"\" width=\"300\" height=\"225\" \/><\/a> <a href=\"http:\/\/iesvegademijas.es\/revista\/wp-content\/uploads\/2023\/02\/IMG_7862-scaled.jpeg\"><img loading=\"lazy\" decoding=\"async\" class=\"alignnone size-medium wp-image-4226\" src=\"http:\/\/iesvegademijas.es\/revista\/wp-content\/uploads\/2023\/02\/IMG_7862-225x300.jpeg\" alt=\"\" width=\"225\" height=\"300\" \/><\/a> <a href=\"http:\/\/iesvegademijas.es\/revista\/wp-content\/uploads\/2023\/02\/IMG_7860-scaled.jpeg\"><img loading=\"lazy\" decoding=\"async\" class=\"alignnone size-medium wp-image-4227\" src=\"http:\/\/iesvegademijas.es\/revista\/wp-content\/uploads\/2023\/02\/IMG_7860-300x225.jpeg\" alt=\"\" width=\"300\" height=\"225\" \/><\/a> <a href=\"http:\/\/iesvegademijas.es\/revista\/wp-content\/uploads\/2023\/02\/IMG_7859-scaled.jpeg\"><img loading=\"lazy\" decoding=\"async\" class=\"alignnone size-medium wp-image-4228\" src=\"http:\/\/iesvegademijas.es\/revista\/wp-content\/uploads\/2023\/02\/IMG_7859-300x207.jpeg\" alt=\"\" width=\"300\" height=\"207\" \/><\/a> <a href=\"http:\/\/iesvegademijas.es\/revista\/wp-content\/uploads\/2023\/02\/IMG_7858-scaled.jpeg\"><img loading=\"lazy\" decoding=\"async\" class=\"alignnone size-medium wp-image-4229\" src=\"http:\/\/iesvegademijas.es\/revista\/wp-content\/uploads\/2023\/02\/IMG_7858-300x225.jpeg\" alt=\"\" width=\"300\" height=\"225\" \/><\/a> <a href=\"http:\/\/iesvegademijas.es\/revista\/wp-content\/uploads\/2023\/02\/IMG_7857-scaled.jpeg\"><img loading=\"lazy\" decoding=\"async\" class=\"alignnone size-medium wp-image-4230\" src=\"http:\/\/iesvegademijas.es\/revista\/wp-content\/uploads\/2023\/02\/IMG_7857-300x225.jpeg\" alt=\"\" width=\"300\" height=\"225\" \/><\/a> <a href=\"http:\/\/iesvegademijas.es\/revista\/wp-content\/uploads\/2023\/02\/IMG_7854-scaled.jpeg\"><img loading=\"lazy\" decoding=\"async\" class=\"alignnone size-medium wp-image-4231\" src=\"http:\/\/iesvegademijas.es\/revista\/wp-content\/uploads\/2023\/02\/IMG_7854-300x225.jpeg\" alt=\"\" width=\"300\" height=\"225\" \/><\/a> <a href=\"http:\/\/iesvegademijas.es\/revista\/wp-content\/uploads\/2023\/02\/IMG_7852-scaled.jpeg\"><img loading=\"lazy\" decoding=\"async\" class=\"alignnone size-medium wp-image-4232\" src=\"http:\/\/iesvegademijas.es\/revista\/wp-content\/uploads\/2023\/02\/IMG_7852-300x225.jpeg\" alt=\"\" width=\"300\" height=\"225\" \/><\/a> <a href=\"http:\/\/iesvegademijas.es\/revista\/wp-content\/uploads\/2023\/02\/IMG_7847-scaled.jpeg\"><img loading=\"lazy\" decoding=\"async\" class=\"alignnone size-medium wp-image-4233\" src=\"http:\/\/iesvegademijas.es\/revista\/wp-content\/uploads\/2023\/02\/IMG_7847-225x300.jpeg\" alt=\"\" width=\"225\" height=\"300\" \/><\/a> <a href=\"http:\/\/iesvegademijas.es\/revista\/wp-content\/uploads\/2023\/02\/IMG_7844-scaled.jpeg\"><img loading=\"lazy\" decoding=\"async\" class=\"alignnone size-medium wp-image-4234\" src=\"http:\/\/iesvegademijas.es\/revista\/wp-content\/uploads\/2023\/02\/IMG_7844-225x300.jpeg\" alt=\"\" width=\"225\" height=\"300\" \/><\/a> <a href=\"http:\/\/iesvegademijas.es\/revista\/wp-content\/uploads\/2023\/02\/IMG_7843-scaled.jpeg\"><img loading=\"lazy\" decoding=\"async\" class=\"alignnone size-medium wp-image-4235\" src=\"http:\/\/iesvegademijas.es\/revista\/wp-content\/uploads\/2023\/02\/IMG_7843-225x300.jpeg\" alt=\"\" width=\"225\" height=\"300\" \/><\/a> <a href=\"http:\/\/iesvegademijas.es\/revista\/wp-content\/uploads\/2023\/02\/IMG_7842-scaled.jpeg\"><img loading=\"lazy\" decoding=\"async\" class=\"alignnone size-medium wp-image-4236\" src=\"http:\/\/iesvegademijas.es\/revista\/wp-content\/uploads\/2023\/02\/IMG_7842-225x300.jpeg\" alt=\"\" width=\"225\" height=\"300\" \/><\/a> <a href=\"http:\/\/iesvegademijas.es\/revista\/wp-content\/uploads\/2023\/02\/IMG_7841-scaled.jpeg\"><img loading=\"lazy\" decoding=\"async\" class=\"alignnone size-medium wp-image-4237\" src=\"http:\/\/iesvegademijas.es\/revista\/wp-content\/uploads\/2023\/02\/IMG_7841-225x300.jpeg\" alt=\"\" width=\"225\" height=\"300\" \/><\/a> <a href=\"http:\/\/iesvegademijas.es\/revista\/wp-content\/uploads\/2023\/02\/IMG_7840-scaled.jpeg\"><img loading=\"lazy\" decoding=\"async\" class=\"alignnone size-medium wp-image-4238\" src=\"http:\/\/iesvegademijas.es\/revista\/wp-content\/uploads\/2023\/02\/IMG_7840-225x300.jpeg\" alt=\"\" width=\"225\" height=\"300\" \/><\/a> <a href=\"http:\/\/iesvegademijas.es\/revista\/wp-content\/uploads\/2023\/02\/IMG_7839-scaled.jpeg\"><img loading=\"lazy\" decoding=\"async\" class=\"alignnone size-medium wp-image-4239\" src=\"http:\/\/iesvegademijas.es\/revista\/wp-content\/uploads\/2023\/02\/IMG_7839-225x300.jpeg\" alt=\"\" width=\"225\" height=\"300\" \/><\/a> <a href=\"http:\/\/iesvegademijas.es\/revista\/wp-content\/uploads\/2023\/02\/IMG_7911.jpg\"><img loading=\"lazy\" decoding=\"async\" class=\"alignnone size-medium wp-image-4240\" src=\"http:\/\/iesvegademijas.es\/revista\/wp-content\/uploads\/2023\/02\/IMG_7911-237x300.jpg\" alt=\"\" width=\"237\" height=\"300\" \/><\/a> <a href=\"http:\/\/iesvegademijas.es\/revista\/wp-content\/uploads\/2023\/02\/IMG_7912.jpg\"><img loading=\"lazy\" decoding=\"async\" class=\"alignnone size-medium wp-image-4241\" src=\"http:\/\/iesvegademijas.es\/revista\/wp-content\/uploads\/2023\/02\/IMG_7912-233x300.jpg\" alt=\"\" width=\"233\" height=\"300\" \/><\/a> <a href=\"http:\/\/iesvegademijas.es\/revista\/wp-content\/uploads\/2023\/02\/IMG_7910.jpg\"><img loading=\"lazy\" decoding=\"async\" class=\"alignnone size-medium wp-image-4242\" src=\"http:\/\/iesvegademijas.es\/revista\/wp-content\/uploads\/2023\/02\/IMG_7910-292x300.jpg\" alt=\"\" width=\"292\" height=\"300\" \/><\/a><\/p>\n<p><a href=\"http:\/\/iesvegademijas.es\/revista\/wp-content\/uploads\/2023\/02\/Captura-de-pantalla-2023-02-19-a-las-4.04.44.png\"><img loading=\"lazy\" decoding=\"async\" class=\"alignnone size-medium wp-image-4243\" src=\"http:\/\/iesvegademijas.es\/revista\/wp-content\/uploads\/2023\/02\/Captura-de-pantalla-2023-02-19-a-las-4.04.44-211x300.png\" alt=\"\" width=\"211\" height=\"300\" \/><\/a><\/p>\n","protected":false},"excerpt":{"rendered":"<p>El pasado 14 de febrero, celebramos en nuestro centro un concurso de escritura por San Valent\u00edn. Es tradici\u00f3n ya en nuestro centro que animemos a nuestro alumnado a escribir cartas, relatos, poes\u00eda, etc en&#46;&#46;&#46;<\/p>\n","protected":false},"author":16445,"featured_media":4228,"comment_status":"open","ping_status":"closed","sticky":false,"template":"","format":"standard","meta":{"ngg_post_thumbnail":0,"footnotes":""},"categories":[39,42],"tags":[],"aioseo_notices":[],"_links":{"self":[{"href":"https:\/\/blogsaverroes.juntadeandalucia.es\/revistaivega\/wp-json\/wp\/v2\/posts\/4223"}],"collection":[{"href":"https:\/\/blogsaverroes.juntadeandalucia.es\/revistaivega\/wp-json\/wp\/v2\/posts"}],"about":[{"href":"https:\/\/blogsaverroes.juntadeandalucia.es\/revistaivega\/wp-json\/wp\/v2\/types\/post"}],"author":[{"embeddable":true,"href":"https:\/\/blogsaverroes.juntadeandalucia.es\/revistaivega\/wp-json\/wp\/v2\/users\/16445"}],"replies":[{"embeddable":true,"href":"https:\/\/blogsaverroes.juntadeandalucia.es\/revistaivega\/wp-json\/wp\/v2\/comments?post=4223"}],"version-history":[{"count":0,"href":"https:\/\/blogsaverroes.juntadeandalucia.es\/revistaivega\/wp-json\/wp\/v2\/posts\/4223\/revisions"}],"wp:featuredmedia":[{"embeddable":true,"href":"https:\/\/blogsaverroes.juntadeandalucia.es\/revistaivega\/wp-json\/"}],"wp:attachment":[{"href":"https:\/\/blogsaverroes.juntadeandalucia.es\/revistaivega\/wp-json\/wp\/v2\/media?parent=4223"}],"wp:term":[{"taxonomy":"category","embeddable":true,"href":"https:\/\/blogsaverroes.juntadeandalucia.es\/revistaivega\/wp-json\/wp\/v2\/categories?post=4223"},{"taxonomy":"post_tag","embeddable":true,"href":"https:\/\/blogsaverroes.juntadeandalucia.es\/revistaivega\/wp-json\/wp\/v2\/tags?post=4223"}],"curies":[{"name":"wp","href":"https:\/\/api.w.org\/{rel}","templated":true}]}}