{"id":56,"date":"2018-12-18T12:41:02","date_gmt":"2018-12-18T12:41:02","guid":{"rendered":"http:\/\/iesvegademijas.es\/revista\/?p=56"},"modified":"2018-12-18T12:41:02","modified_gmt":"2018-12-18T12:41:02","slug":"nos-faltan-las-palomitas","status":"publish","type":"post","link":"https:\/\/blogsaverroes.juntadeandalucia.es\/revistaivega\/2018\/12\/18\/nos-faltan-las-palomitas\/","title":{"rendered":"\u00a1NOS FALTAN LAS PALOMITAS!"},"content":{"rendered":"\n<ul class=\"wp-block-gallery aligncenter columns-2 is-cropped wp-block-gallery-1 is-layout-flex wp-block-gallery-is-layout-flex\">\n<li class=\"blocks-gallery-item\">\n<figure><img decoding=\"async\" class=\"wp-image-58\" src=\"http:\/\/iesvegademijas.es\/revista\/wp-content\/uploads\/2018\/12\/20181218_132746-1024x466.jpg\" alt=\"\" data-id=\"58\" data-link=\"http:\/\/iesvegademijas.es\/revista\/?attachment_id=58\" \/><\/figure>\n<\/li>\n<li class=\"blocks-gallery-item\">\n<figure><img decoding=\"async\" class=\"wp-image-59\" src=\"http:\/\/iesvegademijas.es\/revista\/wp-content\/uploads\/2018\/12\/20181218_133141-1024x768.jpg\" alt=\"\" data-id=\"59\" data-link=\"http:\/\/iesvegademijas.es\/revista\/?attachment_id=59\" \/><\/figure>\n<\/li>\n<\/ul>\n\n\n\n<h4 class=\"wp-block-heading\">En clase de Cine no solo vemos pel\u00edculas, y para muestra,un bot\u00f3n. Aqu\u00ed tenemos el blog de Marta y Dayana en el que comentan las pel\u00edculas que hemos visto en clase y completan su ficha de cine. Os dejamos el enlace para que pod\u00e1is navegar por Ef\u00edmero. \u00a1\u00a1Sof\u00e1,mantita y palomitas!!<\/h4>\n\n\n\n<p><a href=\"https:\/\/sites.google.com\/iesvegademijas.es\/efimero\/p%C3%A1gina-principal?authuser=0\">https:\/\/sites.google.com\/iesvegademijas.es\/efimero\/p%C3%A1gina-principal?authuser=0<\/a><\/p>\n","protected":false},"excerpt":{"rendered":"<p>En clase de Cine no solo vemos pel\u00edculas, y para muestra,un bot\u00f3n. Aqu\u00ed tenemos el blog de Marta y Dayana en el que comentan las pel\u00edculas que hemos visto en clase y completan su&#46;&#46;&#46;<\/p>\n","protected":false},"author":16445,"featured_media":58,"comment_status":"open","ping_status":"closed","sticky":false,"template":"","format":"standard","meta":{"ngg_post_thumbnail":0,"footnotes":""},"categories":[16],"tags":[],"aioseo_notices":[],"_links":{"self":[{"href":"https:\/\/blogsaverroes.juntadeandalucia.es\/revistaivega\/wp-json\/wp\/v2\/posts\/56"}],"collection":[{"href":"https:\/\/blogsaverroes.juntadeandalucia.es\/revistaivega\/wp-json\/wp\/v2\/posts"}],"about":[{"href":"https:\/\/blogsaverroes.juntadeandalucia.es\/revistaivega\/wp-json\/wp\/v2\/types\/post"}],"author":[{"embeddable":true,"href":"https:\/\/blogsaverroes.juntadeandalucia.es\/revistaivega\/wp-json\/wp\/v2\/users\/16445"}],"replies":[{"embeddable":true,"href":"https:\/\/blogsaverroes.juntadeandalucia.es\/revistaivega\/wp-json\/wp\/v2\/comments?post=56"}],"version-history":[{"count":0,"href":"https:\/\/blogsaverroes.juntadeandalucia.es\/revistaivega\/wp-json\/wp\/v2\/posts\/56\/revisions"}],"wp:featuredmedia":[{"embeddable":true,"href":"https:\/\/blogsaverroes.juntadeandalucia.es\/revistaivega\/wp-json\/"}],"wp:attachment":[{"href":"https:\/\/blogsaverroes.juntadeandalucia.es\/revistaivega\/wp-json\/wp\/v2\/media?parent=56"}],"wp:term":[{"taxonomy":"category","embeddable":true,"href":"https:\/\/blogsaverroes.juntadeandalucia.es\/revistaivega\/wp-json\/wp\/v2\/categories?post=56"},{"taxonomy":"post_tag","embeddable":true,"href":"https:\/\/blogsaverroes.juntadeandalucia.es\/revistaivega\/wp-json\/wp\/v2\/tags?post=56"}],"curies":[{"name":"wp","href":"https:\/\/api.w.org\/{rel}","templated":true}]}}