{"id":959,"date":"2019-04-23T16:23:42","date_gmt":"2019-04-23T16:23:42","guid":{"rendered":"http:\/\/iesvegademijas.es\/revista\/?p=959"},"modified":"2019-04-23T16:23:42","modified_gmt":"2019-04-23T16:23:42","slug":"feliz-dia-del-libro","status":"publish","type":"post","link":"https:\/\/blogsaverroes.juntadeandalucia.es\/revistaivega\/2019\/04\/23\/feliz-dia-del-libro\/","title":{"rendered":"\u00a1\u00a1\u00a1\u00a1FELIZ D\u00cdA DEL LIBRO!!!!"},"content":{"rendered":"<p><img loading=\"lazy\" decoding=\"async\" class=\"size-medium wp-image-960 aligncenter\" src=\"http:\/\/iesvegademijas.es\/revista\/wp-content\/uploads\/2019\/04\/IMG-20190423-WA0006-300x225.jpg\" alt=\"\" width=\"300\" height=\"225\" \/><\/p>\n<p>El Departamento de Lengua castellana y literatura ha tenido la iniciativa de crear camisetas con mensajes \u00ablectores\u00bb. \u00abMe muero por tus versos\u00bb, \u00abQuien bien te quiere te har\u00e1 leer\u00bb, \u00abLeer te da sue\u00f1os\u00bb, \u00abSomos lo que leemos, escribimos lo que somos\u00bb&#8230;han sido algunos de los mensajes con los que hoy, 23 de abril, hemos invadido las aulas. Durante el recreo hemos realizado un <em>manequ\u00ed challenge muy divertido, <\/em>y aqu\u00ed os dejamos el enlace.\u00a0<span style=\"line-height: 1.5\">Durante mi clase de 2ESOF hemos bajado tambi\u00e9n a la biblioteca y hemos creado otra performance. Esperamos que os guste.<\/span><\/p>\n<p>https:\/\/photos.app.goo.gl\/6nhsjZenskH3jfQo8<\/p>\n<p>Leer es llenarnos la cabeza de \u00abmuebles buenos\u00bb. Al leer, adquirimos estrategias y desarrollamos destrezas que no se aprehenden de ning\u00fan otro modo. Leer te ampl\u00eda las miras, te aporta sentido cr\u00edtico, y entre otras, mejora tu carta de presentaci\u00f3n, lo que te representa, que es el lenguaje. Fomenta la creatividad y te da alas..esas alas de la libertad tan necesarias para todo. Es cierto que requiere cierta concentraci\u00f3n y voluntad, puesto que no es un acto reflejo, es algo voluntario y que hay que ejercer&#8230;.pero lo que recoges es tan maravilloso e inabarcable que merece la pena hacer ese peque\u00f1o esfuerzo hasta que el h\u00e1bito lector desvele tus sue\u00f1os y los haga gigantes.<\/p>\n<p>&nbsp;<\/p>\n","protected":false},"excerpt":{"rendered":"<p>El Departamento de Lengua castellana y literatura ha tenido la iniciativa de crear camisetas con mensajes \u00ablectores\u00bb. \u00abMe muero por tus versos\u00bb, \u00abQuien bien te quiere te har\u00e1 leer\u00bb, \u00abLeer te da sue\u00f1os\u00bb, \u00abSomos&#46;&#46;&#46;<\/p>\n","protected":false},"author":16445,"featured_media":960,"comment_status":"open","ping_status":"closed","sticky":false,"template":"","format":"standard","meta":{"ngg_post_thumbnail":0,"footnotes":""},"categories":[16],"tags":[],"aioseo_notices":[],"_links":{"self":[{"href":"https:\/\/blogsaverroes.juntadeandalucia.es\/revistaivega\/wp-json\/wp\/v2\/posts\/959"}],"collection":[{"href":"https:\/\/blogsaverroes.juntadeandalucia.es\/revistaivega\/wp-json\/wp\/v2\/posts"}],"about":[{"href":"https:\/\/blogsaverroes.juntadeandalucia.es\/revistaivega\/wp-json\/wp\/v2\/types\/post"}],"author":[{"embeddable":true,"href":"https:\/\/blogsaverroes.juntadeandalucia.es\/revistaivega\/wp-json\/wp\/v2\/users\/16445"}],"replies":[{"embeddable":true,"href":"https:\/\/blogsaverroes.juntadeandalucia.es\/revistaivega\/wp-json\/wp\/v2\/comments?post=959"}],"version-history":[{"count":0,"href":"https:\/\/blogsaverroes.juntadeandalucia.es\/revistaivega\/wp-json\/wp\/v2\/posts\/959\/revisions"}],"wp:featuredmedia":[{"embeddable":true,"href":"https:\/\/blogsaverroes.juntadeandalucia.es\/revistaivega\/wp-json\/"}],"wp:attachment":[{"href":"https:\/\/blogsaverroes.juntadeandalucia.es\/revistaivega\/wp-json\/wp\/v2\/media?parent=959"}],"wp:term":[{"taxonomy":"category","embeddable":true,"href":"https:\/\/blogsaverroes.juntadeandalucia.es\/revistaivega\/wp-json\/wp\/v2\/categories?post=959"},{"taxonomy":"post_tag","embeddable":true,"href":"https:\/\/blogsaverroes.juntadeandalucia.es\/revistaivega\/wp-json\/wp\/v2\/tags?post=959"}],"curies":[{"name":"wp","href":"https:\/\/api.w.org\/{rel}","templated":true}]}}