{"id":1734,"date":"2021-04-05T09:59:00","date_gmt":"2021-04-05T09:59:00","guid":{"rendered":""},"modified":"2021-06-08T21:02:44","modified_gmt":"2021-06-08T21:02:44","slug":"huerto-escolar-la-rosaleda-y-el-hotel-para-insectos","status":"publish","type":"post","link":"https:\/\/blogsaverroes.juntadeandalucia.es\/revistalarosaleda\/2021\/04\/05\/huerto-escolar-la-rosaleda-y-el-hotel-para-insectos\/","title":{"rendered":"Huerto Escolar La Rosaleda y el hotel para insectos"},"content":{"rendered":"<p style=\"text-align: left\">Huberto, Antonio, Flavio, Juanma, profesores de La Rosaleda, trabajando en el Huerto Escolar de La Rosaleda; y al mando de la c\u00e1mara de v\u00eddeo: Salvador. Precioso trabajo, Salvador.&nbsp;<\/p>\n<div style=\"text-align: left\">Muchas horas de trabajo y entrega en la tierra; profesores junto con sus alumnos de Cocina y Restauraci\u00f3n de Grado Medio&#8230;.<strong>\u00abla tierra es de quien la trabaja<\/strong>\u00ab&#8230;. me dec\u00eda&nbsp; Juanma, el \u00faltimo d\u00eda de clase antes de las vacaciones de la Semana Santa&#8230;. All\u00ed estuvieron arreglando uno de los costados del terreno, plantando tomillo; sudor, risas, mucho esfuerzo y una enorme satisfacci\u00f3n por el buen trabajo&#8230;.&nbsp;<\/div>\n<div style=\"text-align: center\">&nbsp;<\/div>\n<div>\n<p style=\"text-align: center\">&nbsp;<iframe loading=\"lazy\" src=\"https:\/\/drive.google.com\/file\/d\/1deEZHI2jBR4T6n3y_bfLvoDYdeaIlcKy\/preview\" width=\"540\" height=\"480\"><\/iframe><\/p>\n<div style=\"clear: both\">&nbsp;<\/div>\n<div style=\"clear: both;text-align: center\">ngg_shortcode_0_placeholder<\/div>\n<\/div>\n","protected":false},"excerpt":{"rendered":"<p>Huberto, Antonio, Flavio, Juanma, profesores de La Rosaleda, trabajando en el Huerto Escolar de La Rosaleda; y al mando de la c\u00e1mara de v\u00eddeo: Salvador.&#46;&#46;&#46;<\/p>\n","protected":false},"author":10486,"featured_media":846,"comment_status":"closed","ping_status":"open","sticky":false,"template":"","format":"standard","meta":{"ngg_post_thumbnail":0,"footnotes":""},"categories":[647,635,643],"tags":[],"aioseo_notices":[],"_links":{"self":[{"href":"https:\/\/blogsaverroes.juntadeandalucia.es\/revistalarosaleda\/wp-json\/wp\/v2\/posts\/1734"}],"collection":[{"href":"https:\/\/blogsaverroes.juntadeandalucia.es\/revistalarosaleda\/wp-json\/wp\/v2\/posts"}],"about":[{"href":"https:\/\/blogsaverroes.juntadeandalucia.es\/revistalarosaleda\/wp-json\/wp\/v2\/types\/post"}],"author":[{"embeddable":true,"href":"https:\/\/blogsaverroes.juntadeandalucia.es\/revistalarosaleda\/wp-json\/wp\/v2\/users\/10486"}],"replies":[{"embeddable":true,"href":"https:\/\/blogsaverroes.juntadeandalucia.es\/revistalarosaleda\/wp-json\/wp\/v2\/comments?post=1734"}],"version-history":[{"count":9,"href":"https:\/\/blogsaverroes.juntadeandalucia.es\/revistalarosaleda\/wp-json\/wp\/v2\/posts\/1734\/revisions"}],"predecessor-version":[{"id":2757,"href":"https:\/\/blogsaverroes.juntadeandalucia.es\/revistalarosaleda\/wp-json\/wp\/v2\/posts\/1734\/revisions\/2757"}],"wp:featuredmedia":[{"embeddable":true,"href":"https:\/\/blogsaverroes.juntadeandalucia.es\/revistalarosaleda\/wp-json\/wp\/v2\/media\/846"}],"wp:attachment":[{"href":"https:\/\/blogsaverroes.juntadeandalucia.es\/revistalarosaleda\/wp-json\/wp\/v2\/media?parent=1734"}],"wp:term":[{"taxonomy":"category","embeddable":true,"href":"https:\/\/blogsaverroes.juntadeandalucia.es\/revistalarosaleda\/wp-json\/wp\/v2\/categories?post=1734"},{"taxonomy":"post_tag","embeddable":true,"href":"https:\/\/blogsaverroes.juntadeandalucia.es\/revistalarosaleda\/wp-json\/wp\/v2\/tags?post=1734"}],"curies":[{"name":"wp","href":"https:\/\/api.w.org\/{rel}","templated":true}]}}