{"id":1740,"date":"2021-03-23T09:48:00","date_gmt":"2021-03-23T09:48:00","guid":{"rendered":""},"modified":"2021-06-08T21:03:08","modified_gmt":"2021-06-08T21:03:08","slug":"huerto-escolar-y-proyecto-aldea","status":"publish","type":"post","link":"https:\/\/blogsaverroes.juntadeandalucia.es\/revistalarosaleda\/2021\/03\/23\/huerto-escolar-y-proyecto-aldea\/","title":{"rendered":"Huerto escolar y Proyecto Aldea"},"content":{"rendered":"<p>Alumnos y profes, trabajando en el huerto escolar&#8230;.. un lujo de proyecto donde se impulsan valores importantes: el amor y reconocimiento del trabajo en la tierra, en el campo, la necesidad de mantener y desarrollar cultivos ecol\u00f3gicos, el trabajo en equipo y el uso de las nuevas tecnolog\u00edas como herramientas fundamentales en este nuevo siglo, el siglo XXI.&nbsp;<\/p>\n<div>El grupo que est\u00e1 trabajando son los alumnos de segundo de CYME, de FP B\u00e1sica. Los profesores que est\u00e1n trabajando con ellos son: Mar\u00eda Jos\u00e9, Juan C. y Joaqu\u00edn.<\/div>\n<div>&nbsp;<\/div>\n<div>&nbsp; <iframe loading=\"lazy\" src=\"https:\/\/docs.google.com\/presentation\/d\/e\/2PACX-1vRGlbxRQbLO56d25AGGjpX-YBaLeXtNwbU6TD8_xjdzBRZ1xf7YEiosYMTonuYFVh5YhFlNISj8IfLf\/embed?start=true&amp;loop=true&amp;delayms=3000\" width=\"480\" height=\"299\" frameborder=\"0\"><\/iframe><\/div>\n","protected":false},"excerpt":{"rendered":"<p>Alumnos y profes, trabajando en el huerto escolar&#8230;.. un lujo de proyecto donde se impulsan valores importantes: el amor y reconocimiento del trabajo en la&#46;&#46;&#46;<\/p>\n","protected":false},"author":10486,"featured_media":844,"comment_status":"open","ping_status":"open","sticky":false,"template":"","format":"standard","meta":{"ngg_post_thumbnail":0,"footnotes":""},"categories":[647,635],"tags":[],"aioseo_notices":[],"_links":{"self":[{"href":"https:\/\/blogsaverroes.juntadeandalucia.es\/revistalarosaleda\/wp-json\/wp\/v2\/posts\/1740"}],"collection":[{"href":"https:\/\/blogsaverroes.juntadeandalucia.es\/revistalarosaleda\/wp-json\/wp\/v2\/posts"}],"about":[{"href":"https:\/\/blogsaverroes.juntadeandalucia.es\/revistalarosaleda\/wp-json\/wp\/v2\/types\/post"}],"author":[{"embeddable":true,"href":"https:\/\/blogsaverroes.juntadeandalucia.es\/revistalarosaleda\/wp-json\/wp\/v2\/users\/10486"}],"replies":[{"embeddable":true,"href":"https:\/\/blogsaverroes.juntadeandalucia.es\/revistalarosaleda\/wp-json\/wp\/v2\/comments?post=1740"}],"version-history":[{"count":4,"href":"https:\/\/blogsaverroes.juntadeandalucia.es\/revistalarosaleda\/wp-json\/wp\/v2\/posts\/1740\/revisions"}],"predecessor-version":[{"id":2762,"href":"https:\/\/blogsaverroes.juntadeandalucia.es\/revistalarosaleda\/wp-json\/wp\/v2\/posts\/1740\/revisions\/2762"}],"wp:featuredmedia":[{"embeddable":true,"href":"https:\/\/blogsaverroes.juntadeandalucia.es\/revistalarosaleda\/wp-json\/wp\/v2\/media\/844"}],"wp:attachment":[{"href":"https:\/\/blogsaverroes.juntadeandalucia.es\/revistalarosaleda\/wp-json\/wp\/v2\/media?parent=1740"}],"wp:term":[{"taxonomy":"category","embeddable":true,"href":"https:\/\/blogsaverroes.juntadeandalucia.es\/revistalarosaleda\/wp-json\/wp\/v2\/categories?post=1740"},{"taxonomy":"post_tag","embeddable":true,"href":"https:\/\/blogsaverroes.juntadeandalucia.es\/revistalarosaleda\/wp-json\/wp\/v2\/tags?post=1740"}],"curies":[{"name":"wp","href":"https:\/\/api.w.org\/{rel}","templated":true}]}}