{"id":1744,"date":"2021-01-09T19:53:00","date_gmt":"2021-01-09T19:53:00","guid":{"rendered":""},"modified":"2021-06-02T10:28:07","modified_gmt":"2021-06-02T10:28:07","slug":"asistencia-a-eventos-de-formacion-etwinning-2021","status":"publish","type":"post","link":"https:\/\/blogsaverroes.juntadeandalucia.es\/revistalarosaleda\/2021\/01\/09\/asistencia-a-eventos-de-formacion-etwinning-2021\/","title":{"rendered":"Asistencia a eventos de formaci\u00f3n Etwinnig 2021"},"content":{"rendered":"<p>El Ministerio de Educaci\u00f3n y Deporte ha sacado 142 plazas para que los docentes en activo tanto de centros p\u00fablicos como privados puedan asistir a varios eventos de formaci\u00f3n durante el a\u00f1o 2021 dentro del marco de la acci\u00f3n eTwinning en los pa\u00edses participantes en el programa.&nbsp;<\/p>\n<div>&nbsp;<\/div>\n<div>Es fundamental que se tenga una participaci\u00f3n en eTwinning importante. El Plazo de Presentaci\u00f3n es hasta el pr\u00f3ximo 23 de enero de 2021. Si est\u00e1is interesados, ten\u00e9is que solicitar vuestra plaza v\u00eda telem\u00e1tica a trav\u00e9s de la siguiente direcci\u00f3n: <a href=\"https:\/\/sede.educacion.gob.es,\/\" target=\"_blank\" rel=\"noopener noreferrer\">https:\/\/sede.educacion.gob.es,<\/a> que podr\u00e1 ser localizada introduciendo el nombre de la convocatoria en la secci\u00f3n \u201cBuscar tr\u00e1mites.\u201d A\u00daN NO DISPONIBLE<\/div>\n<div>&nbsp;<\/div>\n<div>&nbsp;<\/div>\n<p><iframe loading=\"lazy\" src=\"https:\/\/drive.google.com\/file\/d\/1baEKlDQDtGgOx4Hw7cKkuPAc8ughKiHp\/preview\" width=\"540\" height=\"480\"><\/iframe><\/p>\n","protected":false},"excerpt":{"rendered":"<p>El Ministerio de Educaci\u00f3n y Deporte ha sacado 142 plazas para que los docentes en activo tanto de centros p\u00fablicos como privados puedan asistir a&#46;&#46;&#46;<\/p>\n","protected":false},"author":10486,"featured_media":2767,"comment_status":"open","ping_status":"open","sticky":false,"template":"","format":"standard","meta":{"ngg_post_thumbnail":0,"footnotes":""},"categories":[638,641,640],"tags":[],"aioseo_notices":[],"_links":{"self":[{"href":"https:\/\/blogsaverroes.juntadeandalucia.es\/revistalarosaleda\/wp-json\/wp\/v2\/posts\/1744"}],"collection":[{"href":"https:\/\/blogsaverroes.juntadeandalucia.es\/revistalarosaleda\/wp-json\/wp\/v2\/posts"}],"about":[{"href":"https:\/\/blogsaverroes.juntadeandalucia.es\/revistalarosaleda\/wp-json\/wp\/v2\/types\/post"}],"author":[{"embeddable":true,"href":"https:\/\/blogsaverroes.juntadeandalucia.es\/revistalarosaleda\/wp-json\/wp\/v2\/users\/10486"}],"replies":[{"embeddable":true,"href":"https:\/\/blogsaverroes.juntadeandalucia.es\/revistalarosaleda\/wp-json\/wp\/v2\/comments?post=1744"}],"version-history":[{"count":3,"href":"https:\/\/blogsaverroes.juntadeandalucia.es\/revistalarosaleda\/wp-json\/wp\/v2\/posts\/1744\/revisions"}],"predecessor-version":[{"id":2779,"href":"https:\/\/blogsaverroes.juntadeandalucia.es\/revistalarosaleda\/wp-json\/wp\/v2\/posts\/1744\/revisions\/2779"}],"wp:featuredmedia":[{"embeddable":true,"href":"https:\/\/blogsaverroes.juntadeandalucia.es\/revistalarosaleda\/wp-json\/wp\/v2\/media\/2767"}],"wp:attachment":[{"href":"https:\/\/blogsaverroes.juntadeandalucia.es\/revistalarosaleda\/wp-json\/wp\/v2\/media?parent=1744"}],"wp:term":[{"taxonomy":"category","embeddable":true,"href":"https:\/\/blogsaverroes.juntadeandalucia.es\/revistalarosaleda\/wp-json\/wp\/v2\/categories?post=1744"},{"taxonomy":"post_tag","embeddable":true,"href":"https:\/\/blogsaverroes.juntadeandalucia.es\/revistalarosaleda\/wp-json\/wp\/v2\/tags?post=1744"}],"curies":[{"name":"wp","href":"https:\/\/api.w.org\/{rel}","templated":true}]}}