{"id":1745,"date":"2020-12-21T09:38:00","date_gmt":"2020-12-21T09:38:00","guid":{"rendered":""},"modified":"2021-06-02T10:22:38","modified_gmt":"2021-06-02T10:22:38","slug":"1745","status":"publish","type":"post","link":"https:\/\/blogsaverroes.juntadeandalucia.es\/revistalarosaleda\/2020\/12\/21\/1745\/","title":{"rendered":"Nuestra Torre Eiffel"},"content":{"rendered":"<p>Ana Rosa, profesora de Franc\u00e9s en nuestro Centro, nos cuenta que:&nbsp;<\/p>\n<p><span style=\"color: #000000\"><i><b>\u00abLa Torre Eiffel est\u00e1 hecha en madera por un alumno del Departamento de Instalaci\u00f3n y Mueble; la decoraci\u00f3n ha estado a cargo de todos mis grupos de <\/b><\/i><b>1\u00ba de Bachillerato (ciencias, los dos grupos de sociales y Humanidades)&nbsp;<\/b><i><b>y de mis alumnos del Ciclo Superior de Asistencia a la Direcci\u00f3n y de Agencia de Viajes; todos han puesto su granito de arena y han decorado con un adorno o bola nuestro particular \u00e1rbol de Navidad- Torre Eiffel. En cada bola hemos procurado dejar un mensaje en franc\u00e9s de felicitaci\u00f3n y buenos deseos de a\u00f1o nuevo\u00bb.&nbsp;<\/b><\/i><\/span><\/p>\n<p><i><span style=\"color: #38761d\"><b>&nbsp;<\/b><\/span><\/i><\/p>\n<p><iframe loading=\"lazy\" src=\"https:\/\/docs.google.com\/presentation\/d\/e\/2PACX-1vQG1Bs3t9fM63L6SpsullIMrLHVfUVJ64Rz0UjupHauvNqZbKxo6OwYPb7SPr40maImQAPGjDJDppc9\/embed?start=true&amp;loop=true&amp;delayms=3000\" width=\"480\" height=\"299\" frameborder=\"0\"><\/iframe><\/p>\n","protected":false},"excerpt":{"rendered":"<p>Ana Rosa, profesora de Franc\u00e9s en nuestro Centro, nos cuenta que:&nbsp; \u00abLa Torre Eiffel est\u00e1 hecha en madera por un alumno del Departamento de Instalaci\u00f3n&#46;&#46;&#46;<\/p>\n","protected":false},"author":10486,"featured_media":2770,"comment_status":"open","ping_status":"open","sticky":false,"template":"","format":"standard","meta":{"ngg_post_thumbnail":0,"footnotes":""},"categories":[644],"tags":[],"aioseo_notices":[],"_links":{"self":[{"href":"https:\/\/blogsaverroes.juntadeandalucia.es\/revistalarosaleda\/wp-json\/wp\/v2\/posts\/1745"}],"collection":[{"href":"https:\/\/blogsaverroes.juntadeandalucia.es\/revistalarosaleda\/wp-json\/wp\/v2\/posts"}],"about":[{"href":"https:\/\/blogsaverroes.juntadeandalucia.es\/revistalarosaleda\/wp-json\/wp\/v2\/types\/post"}],"author":[{"embeddable":true,"href":"https:\/\/blogsaverroes.juntadeandalucia.es\/revistalarosaleda\/wp-json\/wp\/v2\/users\/10486"}],"replies":[{"embeddable":true,"href":"https:\/\/blogsaverroes.juntadeandalucia.es\/revistalarosaleda\/wp-json\/wp\/v2\/comments?post=1745"}],"version-history":[{"count":5,"href":"https:\/\/blogsaverroes.juntadeandalucia.es\/revistalarosaleda\/wp-json\/wp\/v2\/posts\/1745\/revisions"}],"predecessor-version":[{"id":2772,"href":"https:\/\/blogsaverroes.juntadeandalucia.es\/revistalarosaleda\/wp-json\/wp\/v2\/posts\/1745\/revisions\/2772"}],"wp:featuredmedia":[{"embeddable":true,"href":"https:\/\/blogsaverroes.juntadeandalucia.es\/revistalarosaleda\/wp-json\/wp\/v2\/media\/2770"}],"wp:attachment":[{"href":"https:\/\/blogsaverroes.juntadeandalucia.es\/revistalarosaleda\/wp-json\/wp\/v2\/media?parent=1745"}],"wp:term":[{"taxonomy":"category","embeddable":true,"href":"https:\/\/blogsaverroes.juntadeandalucia.es\/revistalarosaleda\/wp-json\/wp\/v2\/categories?post=1745"},{"taxonomy":"post_tag","embeddable":true,"href":"https:\/\/blogsaverroes.juntadeandalucia.es\/revistalarosaleda\/wp-json\/wp\/v2\/tags?post=1745"}],"curies":[{"name":"wp","href":"https:\/\/api.w.org\/{rel}","templated":true}]}}