{"id":1771,"date":"2020-10-01T11:20:00","date_gmt":"2020-10-01T11:20:00","guid":{"rendered":"https:\/\/blogsaverroes.juntadeandalucia.es\/revistalarosaleda\/2020\/10\/01\/dia-de-las-aves-2020\/"},"modified":"2021-06-08T21:05:03","modified_gmt":"2021-06-08T21:05:03","slug":"dia-de-las-aves-2020","status":"publish","type":"post","link":"https:\/\/blogsaverroes.juntadeandalucia.es\/revistalarosaleda\/2020\/10\/01\/dia-de-las-aves-2020\/","title":{"rendered":"D\u00eda de las Aves 2020"},"content":{"rendered":"<p>El pr\u00f3ximo fin de semana, <b>durante los d\u00edas 3 y 4 de octubre, se celebra el d\u00eda de las aves<\/b>. Desde el proyecto Eduacaves del IES la Rosaleda nos sumamos a esta celebraci\u00f3n. Por motivo de protocolo Covid-19, no podr\u00e1 haber reuniones en grupo por lo que las actividades como el anillamiento cient\u00edfico que organizaba SEO \u2013M\u00e1laga en la desembocadura del Guadalhorce no se llevar\u00e1n a efecto este a\u00f1o.<\/p>\n<div style=\"clear: both;text-align: center\"><a style=\"margin-left: 1em;margin-right: 1em\" href=\"https:\/\/1.bp.blogspot.com\/-QvrnaAmGJ-M\/X3W6mQPHbSI\/AAAAAAAArmQ\/MFkXrdthKvAVuusF4IIQ5FYn4kAwdg1MACLcBGAsYHQ\/s2048\/P2090779-1.JPG\"><img decoding=\"async\" src=\"https:\/\/1.bp.blogspot.com\/-QvrnaAmGJ-M\/X3W6mQPHbSI\/AAAAAAAArmQ\/MFkXrdthKvAVuusF4IIQ5FYn4kAwdg1MACLcBGAsYHQ\/s320\/P2090779-1.JPG\" width=\"320\" border=\"0\" data-original-height=\"1536\" data-original-width=\"2048\"><\/a><\/div>\n<p><span style=\"color: #000000\"><b>Invitamos a todo miembro del programa <\/b><b>a realizar una ruta ornitol\u00f3gica, <\/b><\/span>cumpliendo todos los protocolos CoVid-19 oportunos de distancia y seguridad, a trav\u00e9s de los observatorios del Paraje Natural de la Desembocadura del Guadalhorce durante<span style=\"color: #000000\"> <b>la ma\u00f1ana del domingo 4 de octubre<\/b>.&nbsp;<\/span><\/p>\n<p>Partiremos a las<span style=\"color: #000000\"> <b>9 de la ma\u00f1ana desde la cancela de entrada al paraje en grupos no superiores a 6 personas. <\/b><\/span>Aconsejable llevar prism\u00e1ticos y ropa adecuada al evento y, por supuesto hidrogel, por si entramos en contacto con elementos del paraje como los asientos de los observatorios.&nbsp;<\/p>\n<p>Huberto, el Coordinador del programa, nos deja este v\u00eddeo sobre la migraci\u00f3n postnupcial, que est\u00e1 dando los \u00faltimos coletazos estos d\u00edas.<\/p>\n<div style=\"clear: both;text-align: center\"><!-- [if gte mso 9]&gt; &lt;![endif]--><!-- [if gte mso 9]&gt; Normal 0 21 false false false ES X-NONE X-NONE &lt;![endif]--><!-- [if gte mso 9]&gt; &lt;![endif]--><!-- [if gte mso 10]&gt;&lt;![endif]--><\/div>\n<div style=\"clear: both;text-align: center\"><iframe loading=\"lazy\" src=\"https:\/\/www.youtube.com\/embed\/TRFyIsX8pq4\" width=\"320\" height=\"266\"><\/iframe><\/div>\n<p>&nbsp;<\/p>\n<p>Un saludo:<\/p>\n<p><span style=\",sans-serif;font-size: 11.0pt;line-height: 107%\">Huberto Garc\u00eda (Coordinador del programa Educaves del IES la Rosaleda).<\/span><\/p>\n","protected":false},"excerpt":{"rendered":"<p>El pr\u00f3ximo fin de semana, durante los d\u00edas 3 y 4 de octubre, se celebra el d\u00eda de las aves. Desde el proyecto Eduacaves del&#46;&#46;&#46;<\/p>\n","protected":false},"author":10486,"featured_media":2880,"comment_status":"open","ping_status":"open","sticky":false,"template":"","format":"standard","meta":{"ngg_post_thumbnail":0,"footnotes":""},"categories":[646,635],"tags":[],"aioseo_notices":[],"_links":{"self":[{"href":"https:\/\/blogsaverroes.juntadeandalucia.es\/revistalarosaleda\/wp-json\/wp\/v2\/posts\/1771"}],"collection":[{"href":"https:\/\/blogsaverroes.juntadeandalucia.es\/revistalarosaleda\/wp-json\/wp\/v2\/posts"}],"about":[{"href":"https:\/\/blogsaverroes.juntadeandalucia.es\/revistalarosaleda\/wp-json\/wp\/v2\/types\/post"}],"author":[{"embeddable":true,"href":"https:\/\/blogsaverroes.juntadeandalucia.es\/revistalarosaleda\/wp-json\/wp\/v2\/users\/10486"}],"replies":[{"embeddable":true,"href":"https:\/\/blogsaverroes.juntadeandalucia.es\/revistalarosaleda\/wp-json\/wp\/v2\/comments?post=1771"}],"version-history":[{"count":3,"href":"https:\/\/blogsaverroes.juntadeandalucia.es\/revistalarosaleda\/wp-json\/wp\/v2\/posts\/1771\/revisions"}],"predecessor-version":[{"id":2883,"href":"https:\/\/blogsaverroes.juntadeandalucia.es\/revistalarosaleda\/wp-json\/wp\/v2\/posts\/1771\/revisions\/2883"}],"wp:featuredmedia":[{"embeddable":true,"href":"https:\/\/blogsaverroes.juntadeandalucia.es\/revistalarosaleda\/wp-json\/wp\/v2\/media\/2880"}],"wp:attachment":[{"href":"https:\/\/blogsaverroes.juntadeandalucia.es\/revistalarosaleda\/wp-json\/wp\/v2\/media?parent=1771"}],"wp:term":[{"taxonomy":"category","embeddable":true,"href":"https:\/\/blogsaverroes.juntadeandalucia.es\/revistalarosaleda\/wp-json\/wp\/v2\/categories?post=1771"},{"taxonomy":"post_tag","embeddable":true,"href":"https:\/\/blogsaverroes.juntadeandalucia.es\/revistalarosaleda\/wp-json\/wp\/v2\/tags?post=1771"}],"curies":[{"name":"wp","href":"https:\/\/api.w.org\/{rel}","templated":true}]}}