{"id":1939,"date":"2018-06-30T09:44:00","date_gmt":"2018-06-30T09:44:00","guid":{"rendered":"https:\/\/blogsaverroes.juntadeandalucia.es\/revistalarosaleda\/2018\/06\/30\/"},"modified":"2018-06-30T09:44:00","modified_gmt":"2018-06-30T09:44:00","slug":"1939","status":"publish","type":"post","link":"https:\/\/blogsaverroes.juntadeandalucia.es\/revistalarosaleda\/2018\/06\/30\/1939\/","title":{"rendered":""},"content":{"rendered":"<div style=\"clear: both;text-align: center\"><\/div>\n<div style=\"clear: both;text-align: center\"><a href=\"https:\/\/3.bp.blogspot.com\/-wn08Ocg4Zlw\/Wzc3B8xvQGI\/AAAAAAAAFhU\/4gx2pFsA47wvyPdhk_C_tqqdh-BqOd3IwCLcBGAs\/s1600\/Intervenci%25C3%25B3n%2Bacto%2B28%2Bde%2Bjunio.jpg\" style=\"margin-left: 1em;margin-right: 1em\"><img loading=\"lazy\" decoding=\"async\" border=\"0\" data-original-height=\"1200\" data-original-width=\"1600\" height=\"240\" src=\"https:\/\/3.bp.blogspot.com\/-wn08Ocg4Zlw\/Wzc3B8xvQGI\/AAAAAAAAFhU\/4gx2pFsA47wvyPdhk_C_tqqdh-BqOd3IwCLcBGAs\/s320\/Intervenci%25C3%25B3n%2Bacto%2B28%2Bde%2Bjunio.jpg\" width=\"320\" \/><\/a>&nbsp;<\/div>\n<p><\/p>\n<div style=\"clear: both;text-align: center\"><a href=\"https:\/\/4.bp.blogspot.com\/-p9lJ25TV2Yg\/Wzc3LTbXEBI\/AAAAAAAAFhY\/imuLzkrxOH0cN_iPnTQGjDtjVDjCOnPOwCKgBGAs\/s1600\/IMG_20180628_193703.jpg\" style=\"margin-left: 1em;margin-right: 1em\"><img loading=\"lazy\" decoding=\"async\" border=\"0\" data-original-height=\"1200\" data-original-width=\"1600\" height=\"240\" src=\"https:\/\/4.bp.blogspot.com\/-p9lJ25TV2Yg\/Wzc3LTbXEBI\/AAAAAAAAFhY\/imuLzkrxOH0cN_iPnTQGjDtjVDjCOnPOwCKgBGAs\/s320\/IMG_20180628_193703.jpg\" width=\"320\" \/><\/a><\/div>\n<p><\/p>\n<div style=\"clear: both;text-align: center\"><a href=\"https:\/\/2.bp.blogspot.com\/-n9AfOENLcMY\/WzVz48-uP8I\/AAAAAAAAFhE\/3wu2DFnXjBQj574SMXLAM-BS7BkxAulHQCPcBGAYYCw\/s1600\/IMG_20180628_185200.jpg\" style=\"margin-left: 1em;margin-right: 1em\"><img loading=\"lazy\" decoding=\"async\" border=\"0\" data-original-height=\"1200\" data-original-width=\"1600\" height=\"240\" src=\"https:\/\/2.bp.blogspot.com\/-n9AfOENLcMY\/WzVz48-uP8I\/AAAAAAAAFhE\/3wu2DFnXjBQj574SMXLAM-BS7BkxAulHQCPcBGAYYCw\/s320\/IMG_20180628_185200.jpg\" width=\"320\" \/><\/a><\/div>\n<p><\/p>\n<div style=\"clear: both;text-align: center\"><a href=\"https:\/\/4.bp.blogspot.com\/-XwKBXeLmVKk\/Wzc3LT6cPJI\/AAAAAAAAFhY\/fA-K8ASFa94WCWFgn2ewQe8b_F7snvtBQCKgBGAs\/s1600\/IMG_20180628_204457.jpg\" style=\"margin-left: 1em;margin-right: 1em\"><img loading=\"lazy\" decoding=\"async\" border=\"0\" data-original-height=\"1200\" data-original-width=\"1600\" height=\"240\" src=\"https:\/\/4.bp.blogspot.com\/-XwKBXeLmVKk\/Wzc3LT6cPJI\/AAAAAAAAFhY\/fA-K8ASFa94WCWFgn2ewQe8b_F7snvtBQCKgBGAs\/s320\/IMG_20180628_204457.jpg\" width=\"320\" \/><\/a><\/div>\n<p><\/p>\n<div style=\"clear: both;text-align: center\"><a href=\"https:\/\/3.bp.blogspot.com\/-b0HahAlecSU\/Wzc3Lb8sn3I\/AAAAAAAAFhY\/vsrvEdgJoncClffbD2aRB14Hh5Hn9accACKgBGAs\/s1600\/IMG_20180628_204551.jpg\" style=\"margin-left: 1em;margin-right: 1em\"><img loading=\"lazy\" decoding=\"async\" border=\"0\" data-original-height=\"1200\" data-original-width=\"1600\" height=\"240\" src=\"https:\/\/3.bp.blogspot.com\/-b0HahAlecSU\/Wzc3Lb8sn3I\/AAAAAAAAFhY\/vsrvEdgJoncClffbD2aRB14Hh5Hn9accACKgBGAs\/s320\/IMG_20180628_204551.jpg\" width=\"320\" \/><\/a><\/div>\n<div style=\"clear: both;text-align: center\"><\/div>\n<div style=\"clear: both;text-align: justify\"><span style=\"font-family: Helvetica Neue, Arial, Helvetica, sans-serif\">El pasado 28 de junio en un magn\u00edfico escenario como es el Colegio de Arquitectos de M\u00e1laga, tuvo lugar un acto de promoci\u00f3n de nuestro ciclo de grado medio de OBRAS DE INTERIOR, DECORACI\u00d3N Y REHABILITACI\u00d3N que el pr\u00f3ximo curso comienza su andadura en la modalidad DUAL. Este evento estuvo patrocinado por la ALIANZA PARA LA FP DUAL y la empresa PLACO, que conjuntamente con el IES LA ROSALEDA llevaron a cabo la organizaci\u00f3n del mismo. El acto tuvo m\u00e1s de cincuenta asistentes entre los cuales se encontraban varias profesoras y profesores de nuestro centro y en \u00e9l participaron, la coordinadora pedag\u00f3gica de la Delegaci\u00f3n de Educaci\u00f3n de M\u00e1laga, D\u00f1a. Isabel Mu\u00f1oz Porras, el director gerente de la Agencia Andaluza de la Energ\u00eda, D. Cristobal S\u00e1nchez Morales, el Vicesecretario de la Asociaci\u00f3n de Promotores y Constructores de M\u00e1laga, D. Francisco Romero, la coordinadora provincial de la Fundaci\u00f3n Laboral de la Construcci\u00f3n&nbsp;<\/span><span style=\", Arial, Helvetica, sans-serif\">D\u00f1a. Elena Linares<\/span><span style=\", Arial, Helvetica, sans-serif\">,&nbsp; D. Ignacio de Benito de la Alianza para la FP Dual y D. Ricardo Rodr\u00edguez Trigos director de RRHH de la empresa PLACO.<\/span><\/div>\n<div style=\"clear: both;text-align: justify\"><span style=\", Arial, Helvetica, sans-serif\"><br \/><\/span><\/div>\n<div style=\"clear: both;text-align: justify\"><span style=\"font-family: Helvetica Neue, Arial, Helvetica, sans-serif\">Por parte de nuestro centro intervine yo mismo, Ignacio Ruiz de la Muela como coordinador del Proyecto Dual del ciclo de Obras de Interior, Decoraci\u00f3n y Rehabilitaci\u00f3n. Esa tarde se pusieron de manifiesto las ventajas que tiene un sistema de calidad en Formaci\u00f3n Profesional Dual tanto para la profesionalizaci\u00f3n del sector de la construcci\u00f3n como para la empleabilidad de nuestro alumnado y a la vez se pusieron de relieve alguno<\/span><span style=\", Arial, Helvetica, sans-serif\">s problemas como la actual falta de mano de obra cualificada y lo poco sugerente que ahora mismo es el sector de la construcci\u00f3n&nbsp;para nuestros j\u00f3venes. El acto finaliz\u00f3 con un aperitivo en los exteriores de la casa-palacio proyectada por el arquitecto Fernando Guerrero Strachan.<\/span><\/div>\n<p><\/p>\n","protected":false},"excerpt":{"rendered":"<p>&nbsp; El pasado 28 de junio en un magn\u00edfico escenario como es el Colegio de Arquitectos de M\u00e1laga, tuvo lugar un acto de promoci\u00f3n de&#46;&#46;&#46;<\/p>\n","protected":false},"author":10486,"featured_media":0,"comment_status":"open","ping_status":"open","sticky":false,"template":"","format":"standard","meta":{"ngg_post_thumbnail":0,"footnotes":""},"categories":[1],"tags":[],"aioseo_notices":[],"_links":{"self":[{"href":"https:\/\/blogsaverroes.juntadeandalucia.es\/revistalarosaleda\/wp-json\/wp\/v2\/posts\/1939"}],"collection":[{"href":"https:\/\/blogsaverroes.juntadeandalucia.es\/revistalarosaleda\/wp-json\/wp\/v2\/posts"}],"about":[{"href":"https:\/\/blogsaverroes.juntadeandalucia.es\/revistalarosaleda\/wp-json\/wp\/v2\/types\/post"}],"author":[{"embeddable":true,"href":"https:\/\/blogsaverroes.juntadeandalucia.es\/revistalarosaleda\/wp-json\/wp\/v2\/users\/10486"}],"replies":[{"embeddable":true,"href":"https:\/\/blogsaverroes.juntadeandalucia.es\/revistalarosaleda\/wp-json\/wp\/v2\/comments?post=1939"}],"version-history":[{"count":0,"href":"https:\/\/blogsaverroes.juntadeandalucia.es\/revistalarosaleda\/wp-json\/wp\/v2\/posts\/1939\/revisions"}],"wp:attachment":[{"href":"https:\/\/blogsaverroes.juntadeandalucia.es\/revistalarosaleda\/wp-json\/wp\/v2\/media?parent=1939"}],"wp:term":[{"taxonomy":"category","embeddable":true,"href":"https:\/\/blogsaverroes.juntadeandalucia.es\/revistalarosaleda\/wp-json\/wp\/v2\/categories?post=1939"},{"taxonomy":"post_tag","embeddable":true,"href":"https:\/\/blogsaverroes.juntadeandalucia.es\/revistalarosaleda\/wp-json\/wp\/v2\/tags?post=1939"}],"curies":[{"name":"wp","href":"https:\/\/api.w.org\/{rel}","templated":true}]}}