{"id":2063,"date":"2015-12-03T11:44:00","date_gmt":"2015-12-03T11:44:00","guid":{"rendered":"https:\/\/blogsaverroes.juntadeandalucia.es\/revistalarosaleda\/2015\/12\/03\/edificacion-sostenible\/"},"modified":"2015-12-03T11:44:00","modified_gmt":"2015-12-03T11:44:00","slug":"edificacion-sostenible","status":"publish","type":"post","link":"https:\/\/blogsaverroes.juntadeandalucia.es\/revistalarosaleda\/2015\/12\/03\/edificacion-sostenible\/","title":{"rendered":"EDIFICACI\u00d3N SOSTENIBLE"},"content":{"rendered":"<div style=\"margin-bottom: .0001pt;margin: 0cm;text-align: justify\"><span style=\"font-size: 13.5pt\">El departamento de EDIFICACI\u00d3N Y OBRA CIVIL junto con las empresas ECONOCASA y RED VERDE han desarrollado durante los d\u00edas 13, 20 y 27 de noviembre el proyecto aprobado bajo el t\u00edtulo \u201cEDIFICACI\u00d3N SOSTENIBLE\u201d.&nbsp; &nbsp; &nbsp; &nbsp; &nbsp; &nbsp; &nbsp; &nbsp; &nbsp; &nbsp; &nbsp; &nbsp; &nbsp; &nbsp; &nbsp; &nbsp; &nbsp; &nbsp; &nbsp; &nbsp; &nbsp; &nbsp; &nbsp; &nbsp; &nbsp; &nbsp; &nbsp; &nbsp; &nbsp; &nbsp; &nbsp; &nbsp; &nbsp; &nbsp; &nbsp; &nbsp; &nbsp; &nbsp; &nbsp; &nbsp; &nbsp; &nbsp; &nbsp; &nbsp; &nbsp; &nbsp; &nbsp; &nbsp; &nbsp; &nbsp; &nbsp; &nbsp;&nbsp;<\/span><span style=\"font-size: 13.5pt\"><\/span><\/div>\n<div style=\"margin-bottom: .0001pt;margin: 0cm;text-align: justify\"><a href=\"http:\/\/4.bp.blogspot.com\/-hy7ZXiTE0PQ\/VmnqUQIDnDI\/AAAAAAAAD7s\/WuqZ_jm1OH4\/s1600\/20151113_135726.jpg\" style=\"clear: left;float: left;margin-bottom: 1em;margin-right: 1em\"><img loading=\"lazy\" decoding=\"async\" border=\"0\" height=\"180\" src=\"http:\/\/4.bp.blogspot.com\/-hy7ZXiTE0PQ\/VmnqUQIDnDI\/AAAAAAAAD7s\/WuqZ_jm1OH4\/s320\/20151113_135726.jpg\" width=\"320\" \/><\/a><span style=\"font-size: 13.5pt\"><br \/>Este proyecto se ha justificado en base a la necesidad que existe en nuestras ense\u00f1anzas de mejorar la relaci\u00f3n con las empresas y entidades del sector de cara a completar la formaci\u00f3n del alumnado y tener una visi\u00f3n lo m\u00e1s real posible de las demandas del mercado laboral. El contacto con este tipo de &nbsp;empresas ha supuesto una puesta al d\u00eda en cuanto a nuevos materiales, nuevos sistemas constructivos y nuevas formas de trabajar desde el punto de vista de la sostenibilidad y la ecolog\u00eda.<\/span><span style=\"font-size: 13.5pt\"><\/span><\/div>\n<div style=\"margin-bottom: .0001pt;margin: 0cm;text-align: justify\"><\/div>\n<div style=\"margin-bottom: .0001pt;margin: 0cm;text-align: justify\"><span style=\"font-size: 13.5pt\">Roberto Amores, director general de ECONOCASA y Rafael Escalante, consultor y distribuidor de materiales ecol\u00f3gicos de la empresa RED VERDE han sido los ponentes de las jornadas y los conductores de las mismas. El primero nos ha mostrado la importancia de hacer un buen diagn\u00f3stico en la reforma o rehabilitaci\u00f3n de edificios para poder aplicar la soluci\u00f3n m\u00e1s id\u00f3nea, adem\u00e1s de qu\u00e9 materiales utilizar y c\u00f3mo hacerlo. El segundo nos ha ilustrado sobre una amplia gama de materiales \u201cbio\u201d existentes en el mercado, como el corcho, el c\u00e1\u00f1amo, el lino, la madera maciza, el OSB, la cal a\u00e9rea, o incluso la lana de oveja que ofrecen unas magn\u00edficas prestaciones resultando muy competitivos con respecto a los materiales usados en los \u00faltimos a\u00f1os aportando adem\u00e1s un beneficio al medio ambiente y a nuestra salud.&nbsp;<\/span><span style=\"font-size: 13.5pt\"><\/span><\/div>\n<div style=\"margin-bottom: .0001pt;margin: 0cm;text-align: justify\"><\/div>\n<div style=\"margin-bottom: .0001pt;margin: 0cm;text-align: justify\"><span style=\"font-size: 13.5pt\">Tanto el profesorado como el alumnado del ciclo de OBRAS DE INTERIOR, DECORACI\u00d3N Y REHABILITACI\u00d3N del IES LA ROSALEDA han podido disfrutar de las ponencias de los expertos, de c\u00f3mo realizar un reconocimiento \u201cin situ\u201d de un edificio as\u00ed como de aplicaciones pr\u00e1cticas con morteros de cal a\u00e9rea y cal hidr\u00e1ulica. La \u00faltima jornada se dedic\u00f3 a la visita del local de la empresa RED VERDE donde se realizaron ensayos con pinturas ecol\u00f3gicas y se vieron distintas aplicaciones de materiales bio como el micromortero Mortex. Por \u00faltimo se hizo una visita a una obra donde se estaba realizando un \u201cinsuflado\u201d con lana mineral para mejorar el confort t\u00e9rmico y ac\u00fastico del edificio. Alumnos y profesores estamos muy satisfechos con el resultado del proyecto ya que hemos cumplido con creces las expectativas que nos hab\u00edamos planteado.<\/span><span style=\"font-size: 13.5pt\"><\/span><br \/><span style=\"font-size: 13.5pt\"><br \/><\/span><span style=\"font-size: 13.5pt\">Entrada escrita por Ignacio Ruiz de la Muela<\/span><\/div>\n<p><\/p>\n<div><\/div>\n<p>EDIFICACI\u00d3N SOSTENIBLE on PhotoPeach <iframe loading=\"lazy\" frameborder=\"0\" height=\"296\" src=\"http:\/\/photopeach.com\/embed\/g7evot\" width=\"445\"><\/iframe><\/p>\n","protected":false},"excerpt":{"rendered":"<p>El departamento de EDIFICACI\u00d3N Y OBRA CIVIL junto con las empresas ECONOCASA y RED VERDE han desarrollado durante los d\u00edas 13, 20 y 27 de&#46;&#46;&#46;<\/p>\n","protected":false},"author":10486,"featured_media":0,"comment_status":"open","ping_status":"open","sticky":false,"template":"","format":"standard","meta":{"ngg_post_thumbnail":0,"footnotes":""},"categories":[1],"tags":[],"aioseo_notices":[],"_links":{"self":[{"href":"https:\/\/blogsaverroes.juntadeandalucia.es\/revistalarosaleda\/wp-json\/wp\/v2\/posts\/2063"}],"collection":[{"href":"https:\/\/blogsaverroes.juntadeandalucia.es\/revistalarosaleda\/wp-json\/wp\/v2\/posts"}],"about":[{"href":"https:\/\/blogsaverroes.juntadeandalucia.es\/revistalarosaleda\/wp-json\/wp\/v2\/types\/post"}],"author":[{"embeddable":true,"href":"https:\/\/blogsaverroes.juntadeandalucia.es\/revistalarosaleda\/wp-json\/wp\/v2\/users\/10486"}],"replies":[{"embeddable":true,"href":"https:\/\/blogsaverroes.juntadeandalucia.es\/revistalarosaleda\/wp-json\/wp\/v2\/comments?post=2063"}],"version-history":[{"count":0,"href":"https:\/\/blogsaverroes.juntadeandalucia.es\/revistalarosaleda\/wp-json\/wp\/v2\/posts\/2063\/revisions"}],"wp:attachment":[{"href":"https:\/\/blogsaverroes.juntadeandalucia.es\/revistalarosaleda\/wp-json\/wp\/v2\/media?parent=2063"}],"wp:term":[{"taxonomy":"category","embeddable":true,"href":"https:\/\/blogsaverroes.juntadeandalucia.es\/revistalarosaleda\/wp-json\/wp\/v2\/categories?post=2063"},{"taxonomy":"post_tag","embeddable":true,"href":"https:\/\/blogsaverroes.juntadeandalucia.es\/revistalarosaleda\/wp-json\/wp\/v2\/tags?post=2063"}],"curies":[{"name":"wp","href":"https:\/\/api.w.org\/{rel}","templated":true}]}}