{"id":2156,"date":"2014-09-05T07:13:00","date_gmt":"2014-09-05T07:13:00","guid":{"rendered":"https:\/\/blogsaverroes.juntadeandalucia.es\/revistalarosaleda\/2014\/09\/05\/practicum-universitario-para-este-curso\/"},"modified":"2014-09-05T07:13:00","modified_gmt":"2014-09-05T07:13:00","slug":"practicum-universitario-para-este-curso","status":"publish","type":"post","link":"https:\/\/blogsaverroes.juntadeandalucia.es\/revistalarosaleda\/2014\/09\/05\/practicum-universitario-para-este-curso\/","title":{"rendered":"PRACTICUM UNIVERSITARIO PARA ESTE CURSO"},"content":{"rendered":"<p><a href=\"http:\/\/www.cepmarbellacoin.org\/images\/docs\/2014-2015\/Instrucciones_practicum-2014-15.pdf\" style=\"background-color: #fff9ef;color: #0066cc;font-family: Arial;font-size: 11px;line-height: 15.399999618530273px;text-decoration: none\">instrucciones de 1 de septiembre de 2014 de la Direcci\u00f3n General de Innovaci\u00f3n Educativa y Formaci\u00f3n del Profesorado para el desarrollo del practicum universitario de las titulaciones acogidas a convenio, en los fondos sostenidos con fondos p\u00fablicos, para el curso 2014-15.<\/a><\/p>\n","protected":false},"excerpt":{"rendered":"<p>instrucciones de 1 de septiembre de 2014 de la Direcci\u00f3n General de Innovaci\u00f3n Educativa y Formaci\u00f3n del Profesorado para el desarrollo del practicum universitario de&#46;&#46;&#46;<\/p>\n","protected":false},"author":10486,"featured_media":0,"comment_status":"open","ping_status":"open","sticky":false,"template":"","format":"standard","meta":{"ngg_post_thumbnail":0,"footnotes":""},"categories":[1],"tags":[],"aioseo_notices":[],"_links":{"self":[{"href":"https:\/\/blogsaverroes.juntadeandalucia.es\/revistalarosaleda\/wp-json\/wp\/v2\/posts\/2156"}],"collection":[{"href":"https:\/\/blogsaverroes.juntadeandalucia.es\/revistalarosaleda\/wp-json\/wp\/v2\/posts"}],"about":[{"href":"https:\/\/blogsaverroes.juntadeandalucia.es\/revistalarosaleda\/wp-json\/wp\/v2\/types\/post"}],"author":[{"embeddable":true,"href":"https:\/\/blogsaverroes.juntadeandalucia.es\/revistalarosaleda\/wp-json\/wp\/v2\/users\/10486"}],"replies":[{"embeddable":true,"href":"https:\/\/blogsaverroes.juntadeandalucia.es\/revistalarosaleda\/wp-json\/wp\/v2\/comments?post=2156"}],"version-history":[{"count":0,"href":"https:\/\/blogsaverroes.juntadeandalucia.es\/revistalarosaleda\/wp-json\/wp\/v2\/posts\/2156\/revisions"}],"wp:attachment":[{"href":"https:\/\/blogsaverroes.juntadeandalucia.es\/revistalarosaleda\/wp-json\/wp\/v2\/media?parent=2156"}],"wp:term":[{"taxonomy":"category","embeddable":true,"href":"https:\/\/blogsaverroes.juntadeandalucia.es\/revistalarosaleda\/wp-json\/wp\/v2\/categories?post=2156"},{"taxonomy":"post_tag","embeddable":true,"href":"https:\/\/blogsaverroes.juntadeandalucia.es\/revistalarosaleda\/wp-json\/wp\/v2\/tags?post=2156"}],"curies":[{"name":"wp","href":"https:\/\/api.w.org\/{rel}","templated":true}]}}