{"id":2265,"date":"2013-10-28T21:04:00","date_gmt":"2013-10-28T21:04:00","guid":{"rendered":"https:\/\/blogsaverroes.juntadeandalucia.es\/revistalarosaleda\/2013\/10\/28\/desayunos-en-la-cafeteria-de-hosteleria\/"},"modified":"2013-10-28T21:04:00","modified_gmt":"2013-10-28T21:04:00","slug":"desayunos-en-la-cafeteria-de-hosteleria","status":"publish","type":"post","link":"https:\/\/blogsaverroes.juntadeandalucia.es\/revistalarosaleda\/2013\/10\/28\/desayunos-en-la-cafeteria-de-hosteleria\/","title":{"rendered":"DESAYUNOS EN LA CAFETER\u00cdA  DE HOSTELER\u00cdA"},"content":{"rendered":"<div style=\"clear: both;text-align: center\"><\/div>\n<div style=\"clear: both;text-align: center\"><\/div>\n<div style=\"clear: both;text-align: center\"><a href=\"http:\/\/4.bp.blogspot.com\/--cJF5Xn8g6U\/Um7N7ZsjRLI\/AAAAAAAABQE\/CV5YMvag7sg\/s1600\/SAM_2825.JPG\" style=\"margin-left: 1em;margin-right: 1em\"><img loading=\"lazy\" decoding=\"async\" border=\"0\" height=\"213\" src=\"http:\/\/4.bp.blogspot.com\/--cJF5Xn8g6U\/Um7N7ZsjRLI\/AAAAAAAABQE\/CV5YMvag7sg\/s320\/SAM_2825.JPG\" width=\"320\" \/><\/a><\/div>\n<div style=\"clear: both;text-align: center\"><\/div>\n<div style=\"clear: both;text-align: center\"><\/div>\n<div style=\"clear: both;text-align: justify\">Un a\u00f1o m\u00e1s los alumnos del Ciclo Formativo de Grado Medio \u00abT\u00e9cnico en Servicios en Restauraci\u00f3n\u00bb Biling\u00fce ofrecen unos deliciosos desayunos en la Cafeter\u00eda de Hosteler\u00eda. &nbsp; &nbsp; &nbsp; &nbsp; &nbsp; &nbsp; &nbsp; &nbsp; &nbsp; &nbsp; &nbsp; &nbsp; &nbsp; &nbsp; &nbsp; &nbsp; &nbsp; &nbsp; &nbsp; &nbsp; &nbsp; &nbsp; &nbsp;&nbsp;<\/div>\n<div style=\"clear: both;text-align: justify\">Comenzaron el d\u00eda 24 de octubre del 2013.<\/div>\n<div style=\"clear: both;text-align: justify\"><\/div>\n<div style=\"clear: both;text-align: justify\">Como todos los a\u00f1os, estos desayunos se ofrecen los lunes, los martes y los jueves de 11.00 a 11.30. Los dos primeros d\u00edas los desayunos ser\u00e1n servidos por los alumnos del primer curso (1SR) y los jueves por los alumnos del segundo curso (2SR). Los profesores del Centro podr\u00e1n poner en pr\u00e1ctica sus conocimientos de ingl\u00e9s al tener la oportunidad de solicitar el desayuno en ingl\u00e9s. La carta igualmente est\u00e1 presentada en ingl\u00e9s y los alumnos responder\u00e1n en este mismo idioma.&nbsp;<\/div>\n<div style=\"clear: both;text-align: justify\">Con esta pr\u00e1ctica se pretende que los alumnos pongan en pr\u00e1ctica las competencias adquiridas en la L2.&nbsp;<\/div>\n<div style=\"clear: both;text-align: center\"><\/div>\n<div style=\"clear: both;text-align: center\"><a href=\"http:\/\/4.bp.blogspot.com\/-f6PQbHulWPc\/Um7OMX6p_wI\/AAAAAAAABQM\/oHxlDe7D5-g\/s1600\/SAM_2829.JPG\" style=\"margin-left: 1em;margin-right: 1em\"><img loading=\"lazy\" decoding=\"async\" border=\"0\" height=\"213\" src=\"http:\/\/4.bp.blogspot.com\/-f6PQbHulWPc\/Um7OMX6p_wI\/AAAAAAAABQM\/oHxlDe7D5-g\/s320\/SAM_2829.JPG\" width=\"320\" \/><\/a><\/div>\n<div style=\"clear: both;text-align: center\"><\/div>\n<div style=\"clear: both;text-align: center\"><\/div>\n<div style=\"clear: both;text-align: center\"><\/div>\n<div style=\"clear: both;text-align: center\"><\/div>\n<div style=\"clear: both;text-align: center\"><\/div>\n<div style=\"clear: both;text-align: center\"><\/div>\n<div style=\"clear: both;text-align: center\"><\/div>\n<div style=\"clear: both;text-align: center\"><\/div>\n<p><\/p>\n<div style=\"clear: both;text-align: center\"><\/div>\n<div style=\"clear: both;text-align: center\"><\/div>\n","protected":false},"excerpt":{"rendered":"<p>Un a\u00f1o m\u00e1s los alumnos del Ciclo Formativo de Grado Medio \u00abT\u00e9cnico en Servicios en Restauraci\u00f3n\u00bb Biling\u00fce ofrecen unos deliciosos desayunos en la Cafeter\u00eda de&#46;&#46;&#46;<\/p>\n","protected":false},"author":10486,"featured_media":0,"comment_status":"open","ping_status":"open","sticky":false,"template":"","format":"standard","meta":{"ngg_post_thumbnail":0,"footnotes":""},"categories":[1],"tags":[],"aioseo_notices":[],"_links":{"self":[{"href":"https:\/\/blogsaverroes.juntadeandalucia.es\/revistalarosaleda\/wp-json\/wp\/v2\/posts\/2265"}],"collection":[{"href":"https:\/\/blogsaverroes.juntadeandalucia.es\/revistalarosaleda\/wp-json\/wp\/v2\/posts"}],"about":[{"href":"https:\/\/blogsaverroes.juntadeandalucia.es\/revistalarosaleda\/wp-json\/wp\/v2\/types\/post"}],"author":[{"embeddable":true,"href":"https:\/\/blogsaverroes.juntadeandalucia.es\/revistalarosaleda\/wp-json\/wp\/v2\/users\/10486"}],"replies":[{"embeddable":true,"href":"https:\/\/blogsaverroes.juntadeandalucia.es\/revistalarosaleda\/wp-json\/wp\/v2\/comments?post=2265"}],"version-history":[{"count":0,"href":"https:\/\/blogsaverroes.juntadeandalucia.es\/revistalarosaleda\/wp-json\/wp\/v2\/posts\/2265\/revisions"}],"wp:attachment":[{"href":"https:\/\/blogsaverroes.juntadeandalucia.es\/revistalarosaleda\/wp-json\/wp\/v2\/media?parent=2265"}],"wp:term":[{"taxonomy":"category","embeddable":true,"href":"https:\/\/blogsaverroes.juntadeandalucia.es\/revistalarosaleda\/wp-json\/wp\/v2\/categories?post=2265"},{"taxonomy":"post_tag","embeddable":true,"href":"https:\/\/blogsaverroes.juntadeandalucia.es\/revistalarosaleda\/wp-json\/wp\/v2\/tags?post=2265"}],"curies":[{"name":"wp","href":"https:\/\/api.w.org\/{rel}","templated":true}]}}