{"id":2346,"date":"2013-03-07T08:36:00","date_gmt":"2013-03-07T08:36:00","guid":{"rendered":"https:\/\/blogsaverroes.juntadeandalucia.es\/revistalarosaleda\/2013\/03\/07\/cursos-de-formacion-online-compromiso-digital\/"},"modified":"2013-03-07T08:36:00","modified_gmt":"2013-03-07T08:36:00","slug":"cursos-de-formacion-online-compromiso-digital","status":"publish","type":"post","link":"https:\/\/blogsaverroes.juntadeandalucia.es\/revistalarosaleda\/2013\/03\/07\/cursos-de-formacion-online-compromiso-digital\/","title":{"rendered":"Cursos de formaci\u00f3n online \u00abCompromiso digital\u00bb"},"content":{"rendered":"<p>Abierto el &nbsp;plazo de prematriculaci\u00f3n para los cursos de formaci\u00f3n online \u00abcompromiso digital\u00bb. <br \/>Plazo hasta el inicio del curso (el d\u00eda 18 de marzo) o hasta que se terminen las plazas para solicitarlo.<\/p>\n<p>Las tem\u00e1ticas son:<br \/>\u2022<span> <\/span>Social Media de comunicaci\u00f3n y colaboraci\u00f3n. Principales plataformas<br \/>\u2022<span> <\/span>Tu opini\u00f3n cuenta: eDemocracia y participaci\u00f3n Ciudadana<br \/>\u2022<span> <\/span>Seguridad Inform\u00e1tica<br \/>\u2022<span> <\/span>Comercio Electr\u00f3nico y administraci\u00f3n electr\u00f3nica<br \/>\u2022<span> <\/span>Gesti\u00f3n del conocimiento y el aprendizaje<br \/>\u2022<span> <\/span>Edici\u00f3n de imagen<br \/>\u2022<span> <\/span>Edici\u00f3n de V\u00eddeo<br \/>\u2022<span> <\/span>Community Manager<br \/>\u2022<span> <\/span>SmartPhones y Sistemas operativos M\u00f3viles (SO)<\/p>\n<p>Prematriculaci\u00f3n http:\/\/aula.edukanda.es\/course\/category.php?id=54<\/p>\n","protected":false},"excerpt":{"rendered":"<p>Abierto el &nbsp;plazo de prematriculaci\u00f3n para los cursos de formaci\u00f3n online \u00abcompromiso digital\u00bb. Plazo hasta el inicio del curso (el d\u00eda 18 de marzo) o&#46;&#46;&#46;<\/p>\n","protected":false},"author":10486,"featured_media":0,"comment_status":"open","ping_status":"open","sticky":false,"template":"","format":"standard","meta":{"ngg_post_thumbnail":0,"footnotes":""},"categories":[1],"tags":[],"aioseo_notices":[],"_links":{"self":[{"href":"https:\/\/blogsaverroes.juntadeandalucia.es\/revistalarosaleda\/wp-json\/wp\/v2\/posts\/2346"}],"collection":[{"href":"https:\/\/blogsaverroes.juntadeandalucia.es\/revistalarosaleda\/wp-json\/wp\/v2\/posts"}],"about":[{"href":"https:\/\/blogsaverroes.juntadeandalucia.es\/revistalarosaleda\/wp-json\/wp\/v2\/types\/post"}],"author":[{"embeddable":true,"href":"https:\/\/blogsaverroes.juntadeandalucia.es\/revistalarosaleda\/wp-json\/wp\/v2\/users\/10486"}],"replies":[{"embeddable":true,"href":"https:\/\/blogsaverroes.juntadeandalucia.es\/revistalarosaleda\/wp-json\/wp\/v2\/comments?post=2346"}],"version-history":[{"count":0,"href":"https:\/\/blogsaverroes.juntadeandalucia.es\/revistalarosaleda\/wp-json\/wp\/v2\/posts\/2346\/revisions"}],"wp:attachment":[{"href":"https:\/\/blogsaverroes.juntadeandalucia.es\/revistalarosaleda\/wp-json\/wp\/v2\/media?parent=2346"}],"wp:term":[{"taxonomy":"category","embeddable":true,"href":"https:\/\/blogsaverroes.juntadeandalucia.es\/revistalarosaleda\/wp-json\/wp\/v2\/categories?post=2346"},{"taxonomy":"post_tag","embeddable":true,"href":"https:\/\/blogsaverroes.juntadeandalucia.es\/revistalarosaleda\/wp-json\/wp\/v2\/tags?post=2346"}],"curies":[{"name":"wp","href":"https:\/\/api.w.org\/{rel}","templated":true}]}}