{"id":2367,"date":"2013-01-26T12:18:00","date_gmt":"2013-01-26T12:18:00","guid":{"rendered":"https:\/\/blogsaverroes.juntadeandalucia.es\/revistalarosaleda\/2013\/01\/26\/tandem-idiomas-en-principia\/"},"modified":"2013-01-26T12:18:00","modified_gmt":"2013-01-26T12:18:00","slug":"tandem-idiomas-en-principia","status":"publish","type":"post","link":"https:\/\/blogsaverroes.juntadeandalucia.es\/revistalarosaleda\/2013\/01\/26\/tandem-idiomas-en-principia\/","title":{"rendered":"Tandem idiomas en Principia"},"content":{"rendered":"<p><\/p>\n<div style=\"background-color: white;color: #323232;font-family: Arial, Helvetica, sans-serif;font-size: 12px;line-height: 17.33333396911621px;margin: 10px;padding: 0px;text-align: justify\">\u00bfEres extranjero y quieres aprender o perfeccionar el espa\u00f1ol? \u00bfEres espa\u00f1ol y te gustar\u00eda aprender nuevos idiomas? \u00a1Ahora, lo tienes f\u00e1cil! \u00a1Y totalmente gratis!<\/div>\n<div style=\"background-color: white;color: #323232;font-family: Arial, Helvetica, sans-serif;font-size: 12px;line-height: 17.33333396911621px;margin: 10px;padding: 0px;text-align: justify\">El primer encuentro TANDEM de intercambio de idiomas,&nbsp;organizado por el&nbsp;<strong>\u00c1rea de Juventud del Ayuntamiento de M\u00e1laga y la IESN (International Exchange Erasmus Student Network),&nbsp;<\/strong>tendr\u00e1 lugar&nbsp;<strong>&nbsp;el pr\u00f3ximo viernes 1 de febrero&nbsp;<\/strong>a las&nbsp;<strong>17h en el centro Principia<\/strong>. Est\u00e1 especialmente dirigida a profesorado de lenguas extranjeras y auxiliares de conversaci\u00f3n que acogen los centros biling\u00fces de la provincia, aunque tambi\u00e9n pueden inscribirse todas aquellas personas que se est\u00e9n formando en idiomas.<\/div>\n<div style=\"background-color: white;color: #323232;font-family: Arial, Helvetica, sans-serif;font-size: 12px;line-height: 17.33333396911621px;margin: 10px;padding: 0px;text-align: justify\">La fecha l\u00edmite para la inscripci\u00f3n es hasta el&nbsp;<strong>29 de enero a las 12:00 horas.<\/strong>&nbsp;Los seleccionados ser\u00e1n informados por correo electr\u00f3nico. Para inscribirse&nbsp;<strong><a href=\"https:\/\/docs.google.com\/spreadsheet\/viewform?formkey=dGxjakpLLU80MlJoemhsNzlWeDgwTWc6MQ#gid=0\" target=\"_blank\" rel=\"noopener noreferrer\">pincha aqu\u00ed.<\/a><\/strong><\/div>\n<div style=\"clear: both;text-align: center\"><a href=\"http:\/\/4.bp.blogspot.com\/-HT460-UJAYU\/UQPJcw8N08I\/AAAAAAAAAuk\/uT8BBE5gteA\/s1600\/tandem.JPG\" style=\"margin-left: 1em;margin-right: 1em\"><img loading=\"lazy\" decoding=\"async\" border=\"0\" height=\"640\" src=\"http:\/\/4.bp.blogspot.com\/-HT460-UJAYU\/UQPJcw8N08I\/AAAAAAAAAuk\/uT8BBE5gteA\/s640\/tandem.JPG\" width=\"482\" \/><\/a><\/div>\n<div style=\"background-color: white;color: #323232;font-family: Arial, Helvetica, sans-serif;font-size: 12px;line-height: 17.33333396911621px;margin: 10px;padding: 0px;text-align: justify\"><\/div>\n","protected":false},"excerpt":{"rendered":"<p>\u00bfEres extranjero y quieres aprender o perfeccionar el espa\u00f1ol? \u00bfEres espa\u00f1ol y te gustar\u00eda aprender nuevos idiomas? \u00a1Ahora, lo tienes f\u00e1cil! \u00a1Y totalmente gratis! El&#46;&#46;&#46;<\/p>\n","protected":false},"author":10486,"featured_media":0,"comment_status":"open","ping_status":"open","sticky":false,"template":"","format":"standard","meta":{"ngg_post_thumbnail":0,"footnotes":""},"categories":[1],"tags":[],"aioseo_notices":[],"_links":{"self":[{"href":"https:\/\/blogsaverroes.juntadeandalucia.es\/revistalarosaleda\/wp-json\/wp\/v2\/posts\/2367"}],"collection":[{"href":"https:\/\/blogsaverroes.juntadeandalucia.es\/revistalarosaleda\/wp-json\/wp\/v2\/posts"}],"about":[{"href":"https:\/\/blogsaverroes.juntadeandalucia.es\/revistalarosaleda\/wp-json\/wp\/v2\/types\/post"}],"author":[{"embeddable":true,"href":"https:\/\/blogsaverroes.juntadeandalucia.es\/revistalarosaleda\/wp-json\/wp\/v2\/users\/10486"}],"replies":[{"embeddable":true,"href":"https:\/\/blogsaverroes.juntadeandalucia.es\/revistalarosaleda\/wp-json\/wp\/v2\/comments?post=2367"}],"version-history":[{"count":0,"href":"https:\/\/blogsaverroes.juntadeandalucia.es\/revistalarosaleda\/wp-json\/wp\/v2\/posts\/2367\/revisions"}],"wp:attachment":[{"href":"https:\/\/blogsaverroes.juntadeandalucia.es\/revistalarosaleda\/wp-json\/wp\/v2\/media?parent=2367"}],"wp:term":[{"taxonomy":"category","embeddable":true,"href":"https:\/\/blogsaverroes.juntadeandalucia.es\/revistalarosaleda\/wp-json\/wp\/v2\/categories?post=2367"},{"taxonomy":"post_tag","embeddable":true,"href":"https:\/\/blogsaverroes.juntadeandalucia.es\/revistalarosaleda\/wp-json\/wp\/v2\/tags?post=2367"}],"curies":[{"name":"wp","href":"https:\/\/api.w.org\/{rel}","templated":true}]}}