{"id":2431,"date":"2012-10-03T09:12:00","date_gmt":"2012-10-03T09:12:00","guid":{"rendered":"https:\/\/blogsaverroes.juntadeandalucia.es\/revistalarosaleda\/2012\/10\/03\/"},"modified":"2012-10-03T09:12:00","modified_gmt":"2012-10-03T09:12:00","slug":"2431","status":"publish","type":"post","link":"https:\/\/blogsaverroes.juntadeandalucia.es\/revistalarosaleda\/2012\/10\/03\/2431\/","title":{"rendered":""},"content":{"rendered":"<p><b><span style=\"font-family: 'Trebuchet MS', sans-serif\"><a href=\"http:\/\/www.boe.es\/boe\/dias\/2011\/10\/24\/pdfs\/BOE-A-2011-16659.pdf\">PROYECTO DE RECUPERACI\u00d3N Y UTILIZACI\u00d3N DID\u00c1CTICA DE PUEBLOS ABANDONADOS <\/a>DEL IES LA ROSALEDA<\/span><\/b><br \/><span style=\"font-family: 'Trebuchet MS', sans-serif\"><br \/><\/span><span style=\"font-family: 'Trebuchet MS', sans-serif\">El pasado curso solicitamos este proyecto financiado por el Ministerio de Educaci\u00f3n Cultura y Deporte, dirigido a <b>alumnado de PCPI y alumnado sordo integrado<\/b>. Se nos concedi\u00f3 &nbsp;y tendr\u00e1 lugar entre los d\u00edas 14 y 20 de octubre de este a\u00f1o. Viajan <b>veinticinco alumnos y alumnas<\/b>&nbsp;a B\u00fabal (Huesca) que participar\u00e1n con los objetivos primordiales siguientes:&nbsp;<\/span><br \/><span style=\"font-family: 'Trebuchet MS', sans-serif\"><br \/><\/span><br \/><span style=\"font-family: 'Trebuchet MS', sans-serif\">\uf0a7 Trabajar en la l\u00ednea del desarrollo sostenible, favoreciendo en los&nbsp;<\/span><br \/><span style=\"font-family: 'Trebuchet MS', sans-serif\">alumnos, actitudes positivas hacia el medio y su conservaci\u00f3n (ahorro&nbsp;<\/span><br \/><span style=\"font-family: 'Trebuchet MS', sans-serif\">energ\u00e9tico, reciclaje&#8230;). &nbsp;<\/span><br \/><span style=\"font-family: 'Trebuchet MS', sans-serif\">\uf0a7 Valorar la salud como un equilibrio din\u00e1mico entre el individuo y su&nbsp;<\/span><br \/><span style=\"font-family: 'Trebuchet MS', sans-serif\">entorno. &nbsp;<\/span><br \/><span style=\"font-family: 'Trebuchet MS', sans-serif\">\uf0a7 Conseguir un acercamiento a la forma de vida de un pueblo (modos de&nbsp;<\/span><br \/><span style=\"font-family: 'Trebuchet MS', sans-serif\">vida, relaciones interpersonales, calidad de vida, costumbres&#8230;). &nbsp;<\/span><br \/><span style=\"font-family: 'Trebuchet MS', sans-serif\">\uf0a7 Fomentar actitudes solidarias y tolerantes en la relaci\u00f3n con los dem\u00e1s,&nbsp;<\/span><br \/><span style=\"font-family: 'Trebuchet MS', sans-serif\">superando inhibiciones y prejuicios, valorando las diferencias individuales&nbsp;<\/span><br \/><span style=\"font-family: 'Trebuchet MS', sans-serif\">y sociales. &nbsp;<\/span><br \/><span style=\"font-family: 'Trebuchet MS', sans-serif\">\uf0a7 Propiciar situaciones de aprendizaje diferentes a las que se dan en las&nbsp;<\/span><br \/><span style=\"font-family: 'Trebuchet MS', sans-serif\">aulas.<\/span><br \/><span style=\"font-family: 'Trebuchet MS', sans-serif\">Los docentes a cargo del alumnado: Juli\u00e1n Hidalgo, Agust\u00edn Galv\u00e1n y Marisol Moreno. Ya os contaremos la experiencia.<\/span><span style=\"font-family: 'Trebuchet MS', sans-serif\"><br \/><\/span><br \/><span style=\"font-family: 'Trebuchet MS', sans-serif\">Saludo del equipo desde B\u00fabal (Huesca):<\/span><br \/><span style=\"font-family: 'Trebuchet MS', sans-serif\"><i>Recordad que vais a tener la oportunidad de vivir el respeto al medio ambiente, la&nbsp;<\/i><\/span><br \/><span style=\"font-family: 'Trebuchet MS', sans-serif\"><i>alegr\u00eda, la cooperaci\u00f3n y generosidad, la tolerancia, la paz y tranquilidad, el&nbsp;<\/i><\/span><br \/><span style=\"font-family: 'Trebuchet MS', sans-serif\"><i>respeto a los otros\u2026en un lugar buc\u00f3lico y m\u00e1gico, durante una intensa semana&nbsp;<\/i><\/span><br \/><span style=\"font-family: 'Trebuchet MS', sans-serif\"><i>que no se olvidar\u00e1 f\u00e1cilmente.&nbsp;<\/i><\/span><br \/><span style=\"font-family: 'Trebuchet MS', sans-serif\"><i>Y todo gracias &nbsp;a vosotros, a vuestro trabajo, ilusi\u00f3n y ganas de hacer de la&nbsp;<\/i><\/span><br \/><span style=\"font-family: 'Trebuchet MS', sans-serif\"><i>educaci\u00f3n algo m\u00e1s.&nbsp;<\/i><\/span><br \/><span style=\"font-family: 'Trebuchet MS', sans-serif\"><i>Os esperamos en el que ser\u00e1 vuestro pueblo.<\/i><\/span><\/p>\n<div style=\"clear: both;text-align: center\"><a href=\"http:\/\/1.bp.blogspot.com\/-tJRe6qSvsyg\/UGwCjBDlmhI\/AAAAAAAAAtE\/d1q83wy0SLE\/s1600\/bubal.jpg\" style=\"margin-left: 1em;margin-right: 1em\"><img loading=\"lazy\" decoding=\"async\" border=\"0\" height=\"240\" src=\"http:\/\/1.bp.blogspot.com\/-tJRe6qSvsyg\/UGwCjBDlmhI\/AAAAAAAAAtE\/d1q83wy0SLE\/s320\/bubal.jpg\" width=\"320\" \/><\/a><\/div>\n<p><span style=\"font-family: 'Trebuchet MS', sans-serif\"><br \/><\/span><\/p>\n","protected":false},"excerpt":{"rendered":"<p>PROYECTO DE RECUPERACI\u00d3N Y UTILIZACI\u00d3N DID\u00c1CTICA DE PUEBLOS ABANDONADOS DEL IES LA ROSALEDAEl pasado curso solicitamos este proyecto financiado por el Ministerio de Educaci\u00f3n Cultura&#46;&#46;&#46;<\/p>\n","protected":false},"author":10486,"featured_media":0,"comment_status":"open","ping_status":"open","sticky":false,"template":"","format":"standard","meta":{"ngg_post_thumbnail":0,"footnotes":""},"categories":[1],"tags":[],"aioseo_notices":[],"_links":{"self":[{"href":"https:\/\/blogsaverroes.juntadeandalucia.es\/revistalarosaleda\/wp-json\/wp\/v2\/posts\/2431"}],"collection":[{"href":"https:\/\/blogsaverroes.juntadeandalucia.es\/revistalarosaleda\/wp-json\/wp\/v2\/posts"}],"about":[{"href":"https:\/\/blogsaverroes.juntadeandalucia.es\/revistalarosaleda\/wp-json\/wp\/v2\/types\/post"}],"author":[{"embeddable":true,"href":"https:\/\/blogsaverroes.juntadeandalucia.es\/revistalarosaleda\/wp-json\/wp\/v2\/users\/10486"}],"replies":[{"embeddable":true,"href":"https:\/\/blogsaverroes.juntadeandalucia.es\/revistalarosaleda\/wp-json\/wp\/v2\/comments?post=2431"}],"version-history":[{"count":0,"href":"https:\/\/blogsaverroes.juntadeandalucia.es\/revistalarosaleda\/wp-json\/wp\/v2\/posts\/2431\/revisions"}],"wp:attachment":[{"href":"https:\/\/blogsaverroes.juntadeandalucia.es\/revistalarosaleda\/wp-json\/wp\/v2\/media?parent=2431"}],"wp:term":[{"taxonomy":"category","embeddable":true,"href":"https:\/\/blogsaverroes.juntadeandalucia.es\/revistalarosaleda\/wp-json\/wp\/v2\/categories?post=2431"},{"taxonomy":"post_tag","embeddable":true,"href":"https:\/\/blogsaverroes.juntadeandalucia.es\/revistalarosaleda\/wp-json\/wp\/v2\/tags?post=2431"}],"curies":[{"name":"wp","href":"https:\/\/api.w.org\/{rel}","templated":true}]}}