{"id":2436,"date":"2012-09-20T07:14:00","date_gmt":"2012-09-20T07:14:00","guid":{"rendered":"https:\/\/blogsaverroes.juntadeandalucia.es\/revistalarosaleda\/2012\/09\/20\/plazas-vacantes-para-estudiar-idiomas\/"},"modified":"2012-09-20T07:14:00","modified_gmt":"2012-09-20T07:14:00","slug":"plazas-vacantes-para-estudiar-idiomas","status":"publish","type":"post","link":"https:\/\/blogsaverroes.juntadeandalucia.es\/revistalarosaleda\/2012\/09\/20\/plazas-vacantes-para-estudiar-idiomas\/","title":{"rendered":"Plazas vacantes para estudiar idiomas"},"content":{"rendered":"<p>Si quieres estudiar idiomas y te has quedado sin plaza, a\u00fan quedan algunas plazas vacantes para poder estudiarlo a distancia &nbsp;a trav\u00e9s del IEDA (Instituto de Ense\u00f1anzas a Distancia de Andaluc\u00eda)<\/p>\n<div style=\"clear: both;text-align: center\"><a href=\"http:\/\/3.bp.blogspot.com\/-zOW17L4nQb8\/UFrBz5CXgSI\/AAAAAAAAAho\/y3Oh2Z44UwA\/s1600\/Captura1.JPG\" style=\"margin-left: 1em;margin-right: 1em\"><img loading=\"lazy\" decoding=\"async\" border=\"0\" height=\"101\" src=\"http:\/\/3.bp.blogspot.com\/-zOW17L4nQb8\/UFrBz5CXgSI\/AAAAAAAAAho\/y3Oh2Z44UwA\/s320\/Captura1.JPG\" width=\"320\" \/><\/a><\/div>\n<p>M\u00e1s informaci\u00f3n<br \/><a href=\"http:\/\/www.juntadeandalucia.es\/educacion\/adistancia\/ep\">http:\/\/www.juntadeandalucia.es\/educacion\/adistancia\/ep<\/a><\/p>\n<p><\/p>\n<h2 style=\"background-color: #f2f2f2;color: #333333;font-family: 'Segoe UI', Arial, Helvetica, sans-serif;font-size: 24px;font-weight: normal;line-height: 18px;margin-bottom: 0px;margin-left: 0px;margin-right: 0px;margin-top: 0px;padding-bottom: 8px;padding-left: 0px;padding-right: 0px;padding-top: 5px\">Instrucciones para la matriculaci\u00f3n en plazas vacantes<\/h2>\n<div style=\"background-color: #f2f2f2;color: #333333;font-family: Tahoma, Arial, Helvetica, sans-serif;font-size: 12px;line-height: 18px\">\n<ol style=\"margin-bottom: 1em;margin-left: 0px;margin-right: 0px;margin-top: 1em;padding-bottom: 0px;padding-left: 0px;padding-right: 0px;padding-top: 0px\">\n<li style=\"line-height: 21px;margin-left: 35px\">La matriculaci\u00f3n en plazas vacantes en cualquiera de nuestras ense\u00f1anzas se realizar\u00e1 exclusivamente&nbsp;en<b>&nbsp;formato papel<\/b>&nbsp;y por&nbsp;<b>correo postal<\/b>. Se adjudicar\u00e1n con un \u00fanico criterio: orden de llegada por&nbsp;<b>fecha en que se ha enviado<\/b>. Para descargar los impresos<a href=\"http:\/\/www.juntadeandalucia.es\/educacion\/adistancia\/ep\/images\/Documentos\/impresos_matricula.pdf\" style=\"color: #7ba566\" target=\"_blank\" rel=\"noopener noreferrer\">&nbsp;haz clic aqu\u00ed.<\/a>&nbsp;Direcci\u00f3n del env\u00edo:&nbsp;\n<div style=\"margin-bottom: 1em;margin-top: 1em;padding-bottom: 0px;padding-left: 0px;padding-right: 0px;padding-top: 0px\"><b>C\/ Juder\u00eda 1. Edificio Vega del Rey 1, Planta 2\u00aa. CP:&nbsp;41900. Camas. Sevilla.<\/b><\/div>\n<\/li>\n<li style=\"line-height: 21px;margin-left: 35px\">NUEVOS ALUMNOS: el impreso ir\u00e1 acompa\u00f1ado de toda la documentaci\u00f3n requerida, en el formato que se recogen en las instrucciones.&nbsp;En la tabla de abajo puedes consultarlas.&nbsp;En otro caso se desestimar\u00e1 la matr\u00edcula.&nbsp;<\/li>\n<li style=\"line-height: 21px;margin-left: 35px\">ANTIGUOS ALUMNOS: no es necesario aportar ninguna documentaci\u00f3n solo el impreso de matr\u00edcula. No olvides indicar el centro donde has realizado tus \u00faltimos estudios, es decir: el IEDA.<\/li>\n<li style=\"line-height: 21px;margin-left: 35px\"><span style=\"background-color: #99ff99;color: black;font-family: Arial;font-size: 13px;line-height: 18px;text-align: justify\">En el momento de la matriculaci\u00f3n solo se env\u00eda la matr\u00edcula. <\/span><b style=\"background-color: #99ff99;color: black;font-family: Arial;font-size: 13px;line-height: 18px;text-align: justify\">NO se paga nada<\/b><span style=\"background-color: #99ff99;color: black;font-family: Arial;font-size: 13px;line-height: 18px;text-align: justify\">. Hay que esperar a que se publique el plazo de pago y se informe por e-mail<\/span><b style=\"background-color: #99ff99;color: black;font-family: Arial;font-size: 13px;line-height: 18px;text-align: justify\">. <\/b><\/li>\n<li style=\"line-height: 21px;margin-left: 35px\">IMPORTANTE: como ordena la normativa,&nbsp;no se han admitido:<\/li>\n<\/ol>\n<ul style=\"list-style-type: none;margin-bottom: 1em;margin-left: 0px;margin-right: 0px;margin-top: 1em;padding-bottom: 0px;padding-left: 0px;padding-right: 0px;padding-top: 0px\">\n<li style=\"background-attachment: initial;background-color: initial;background-image: url(http:\/\/www.juntadeandalucia.es\/educacion\/adistancia\/ep\/templates\/ja_purity\/images\/bullet.gif);background-position: 18px 8px;line-height: 21px;padding-left: 30px\">Las matr\u00edculas que han sido recibidas previamente a que se abriera el plazo extraordinario de matriculaci\u00f3n en plazas vacantes.<\/li>\n<li style=\"background-attachment: initial;background-color: initial;background-image: url(http:\/\/www.juntadeandalucia.es\/educacion\/adistancia\/ep\/templates\/ja_purity\/images\/bullet.gif);background-position: 18px 8px;line-height: 21px;padding-left: 30px\">Las matr\u00edculas que se recibieron en el plazo de matriculaci\u00f3n ordinario pero de personas que hab\u00edan obtenido plaza en el proceso de solicitud.<\/li>\n<li style=\"background-attachment: initial;background-color: initial;background-image: url(http:\/\/www.juntadeandalucia.es\/educacion\/adistancia\/ep\/templates\/ja_purity\/images\/bullet.gif);background-position: 18px 8px;line-height: 21px;padding-left: 30px\">Las matr\u00edculas que se recibieron fuera del plazo de matriculaci\u00f3n ordinario de personas que obtuvieron plaza en el procedimiento de solicitud.<\/li>\n<\/ul>\n<div>&nbsp; &nbsp; &nbsp; &nbsp; &nbsp; &nbsp; &nbsp; &nbsp; &nbsp; &nbsp;Si te encuentras en uno de estos casos, vuelve a echar la matr\u00edcula para las plazas vacantes disponibles en el plazo de matriculaci\u00f3n extraordinario.<\/div>\n<div style=\"clear: both;text-align: center\"><a href=\"http:\/\/1.bp.blogspot.com\/-BTMjyQydz3Y\/UFrCS1AMoAI\/AAAAAAAAAhw\/pV92OOn3G28\/s1600\/ieda.jpg\" style=\"margin-left: 1em;margin-right: 1em\"><img decoding=\"async\" border=\"0\" src=\"http:\/\/1.bp.blogspot.com\/-BTMjyQydz3Y\/UFrCS1AMoAI\/AAAAAAAAAhw\/pV92OOn3G28\/s1600\/ieda.jpg\" \/><\/a><\/div>\n<div><\/div>\n<div><\/div>\n<\/div>\n","protected":false},"excerpt":{"rendered":"<p>Si quieres estudiar idiomas y te has quedado sin plaza, a\u00fan quedan algunas plazas vacantes para poder estudiarlo a distancia &nbsp;a trav\u00e9s del IEDA (Instituto&#46;&#46;&#46;<\/p>\n","protected":false},"author":10486,"featured_media":0,"comment_status":"open","ping_status":"open","sticky":false,"template":"","format":"standard","meta":{"ngg_post_thumbnail":0,"footnotes":""},"categories":[1],"tags":[],"aioseo_notices":[],"_links":{"self":[{"href":"https:\/\/blogsaverroes.juntadeandalucia.es\/revistalarosaleda\/wp-json\/wp\/v2\/posts\/2436"}],"collection":[{"href":"https:\/\/blogsaverroes.juntadeandalucia.es\/revistalarosaleda\/wp-json\/wp\/v2\/posts"}],"about":[{"href":"https:\/\/blogsaverroes.juntadeandalucia.es\/revistalarosaleda\/wp-json\/wp\/v2\/types\/post"}],"author":[{"embeddable":true,"href":"https:\/\/blogsaverroes.juntadeandalucia.es\/revistalarosaleda\/wp-json\/wp\/v2\/users\/10486"}],"replies":[{"embeddable":true,"href":"https:\/\/blogsaverroes.juntadeandalucia.es\/revistalarosaleda\/wp-json\/wp\/v2\/comments?post=2436"}],"version-history":[{"count":0,"href":"https:\/\/blogsaverroes.juntadeandalucia.es\/revistalarosaleda\/wp-json\/wp\/v2\/posts\/2436\/revisions"}],"wp:attachment":[{"href":"https:\/\/blogsaverroes.juntadeandalucia.es\/revistalarosaleda\/wp-json\/wp\/v2\/media?parent=2436"}],"wp:term":[{"taxonomy":"category","embeddable":true,"href":"https:\/\/blogsaverroes.juntadeandalucia.es\/revistalarosaleda\/wp-json\/wp\/v2\/categories?post=2436"},{"taxonomy":"post_tag","embeddable":true,"href":"https:\/\/blogsaverroes.juntadeandalucia.es\/revistalarosaleda\/wp-json\/wp\/v2\/tags?post=2436"}],"curies":[{"name":"wp","href":"https:\/\/api.w.org\/{rel}","templated":true}]}}