{"id":2544,"date":"2011-11-02T17:13:00","date_gmt":"2011-11-02T17:13:00","guid":{"rendered":"https:\/\/blogsaverroes.juntadeandalucia.es\/revistalarosaleda\/2011\/11\/02\/la-xiloteca\/"},"modified":"2011-11-02T17:13:00","modified_gmt":"2011-11-02T17:13:00","slug":"la-xiloteca","status":"publish","type":"post","link":"https:\/\/blogsaverroes.juntadeandalucia.es\/revistalarosaleda\/2011\/11\/02\/la-xiloteca\/","title":{"rendered":"La Xiloteca"},"content":{"rendered":"<div style=\"background-color: white;font-family: 'Trebuchet MS', Arial, sans-serif, Calibri;font-size: 14px;padding-bottom: 10px;padding-left: 10px;padding-right: 10px;padding-top: 10px;text-align: left\">B\u00e1sicamente podemos describir nuestro Proyecto como la Primera Colecci\u00f3n de Maderas en un Centro de Ense\u00f1anza en nuestra Comunidad Aut\u00f3noma. Entendida como herramienta did\u00e1ctica para el conocimiento de los distintos tipos de madera existentes, el aprendizaje de sus caracter\u00edsticas y las aplicaciones m\u00e1s usuales. Una herramienta nueva, la construcci\u00f3n de la Casa de Madera ser\u00e1 una de las actividades m\u00e1s emblem\u00e1ticas del Proyecto, herramienta did\u00e1ctica en s\u00ed misma, en los espacios exteriores de nuestro Centro, y entendi\u00e9ndola como un nuevo espacio de aprendizaje, ameno, creativo y participativo, al aire libre donde las muestras de la colecci\u00f3n se daten, se estudien, se comparen\u2026.<\/div>\n<div style=\"background-color: white;font-family: 'Trebuchet MS', Arial, sans-serif, Calibri;font-size: 14px;padding-bottom: 10px;padding-left: 10px;padding-right: 10px;padding-top: 10px;text-align: left\">Un nuevo recurso educativo que sirve de fuente de informaci\u00f3n y documentaci\u00f3n al alumnado de distintos niveles educativos (Bachilleratos, Ciclos Formativos, ESA y PCPI). En el Proyecto participan profesorado de los Departamentos de Biolog\u00eda-Geollog\u00eda, Madera y Mueble de nuestro Instituto y del IES Guadalp\u00edn de Marbella.<\/p>\n<div style=\"clear: both;text-align: center\"><a href=\"http:\/\/1.bp.blogspot.com\/-o0jAAZ0wkYI\/TrF6HqGR-TI\/AAAAAAAAAEQ\/e1jpsPkYd3M\/s1600\/Xiloteca+01.jpg\" style=\"margin-left: 1em;margin-right: 1em\"><img loading=\"lazy\" decoding=\"async\" border=\"0\" height=\"240\" src=\"http:\/\/1.bp.blogspot.com\/-o0jAAZ0wkYI\/TrF6HqGR-TI\/AAAAAAAAAEQ\/e1jpsPkYd3M\/s320\/Xiloteca+01.jpg\" width=\"320\" \/><\/a><\/div>\n<p><\/div>\n","protected":false},"excerpt":{"rendered":"<p>B\u00e1sicamente podemos describir nuestro Proyecto como la Primera Colecci\u00f3n de Maderas en un Centro de Ense\u00f1anza en nuestra Comunidad Aut\u00f3noma. Entendida como herramienta did\u00e1ctica para&#46;&#46;&#46;<\/p>\n","protected":false},"author":10486,"featured_media":0,"comment_status":"open","ping_status":"open","sticky":false,"template":"","format":"standard","meta":{"ngg_post_thumbnail":0,"footnotes":""},"categories":[1],"tags":[],"aioseo_notices":[],"_links":{"self":[{"href":"https:\/\/blogsaverroes.juntadeandalucia.es\/revistalarosaleda\/wp-json\/wp\/v2\/posts\/2544"}],"collection":[{"href":"https:\/\/blogsaverroes.juntadeandalucia.es\/revistalarosaleda\/wp-json\/wp\/v2\/posts"}],"about":[{"href":"https:\/\/blogsaverroes.juntadeandalucia.es\/revistalarosaleda\/wp-json\/wp\/v2\/types\/post"}],"author":[{"embeddable":true,"href":"https:\/\/blogsaverroes.juntadeandalucia.es\/revistalarosaleda\/wp-json\/wp\/v2\/users\/10486"}],"replies":[{"embeddable":true,"href":"https:\/\/blogsaverroes.juntadeandalucia.es\/revistalarosaleda\/wp-json\/wp\/v2\/comments?post=2544"}],"version-history":[{"count":0,"href":"https:\/\/blogsaverroes.juntadeandalucia.es\/revistalarosaleda\/wp-json\/wp\/v2\/posts\/2544\/revisions"}],"wp:attachment":[{"href":"https:\/\/blogsaverroes.juntadeandalucia.es\/revistalarosaleda\/wp-json\/wp\/v2\/media?parent=2544"}],"wp:term":[{"taxonomy":"category","embeddable":true,"href":"https:\/\/blogsaverroes.juntadeandalucia.es\/revistalarosaleda\/wp-json\/wp\/v2\/categories?post=2544"},{"taxonomy":"post_tag","embeddable":true,"href":"https:\/\/blogsaverroes.juntadeandalucia.es\/revistalarosaleda\/wp-json\/wp\/v2\/tags?post=2544"}],"curies":[{"name":"wp","href":"https:\/\/api.w.org\/{rel}","templated":true}]}}