{"id":3291,"date":"2021-03-08T12:53:04","date_gmt":"2021-03-08T12:53:04","guid":{"rendered":"https:\/\/blogsaverroes.juntadeandalucia.es\/revistalarosaleda\/?p=3291"},"modified":"2021-06-14T13:06:19","modified_gmt":"2021-06-14T13:06:19","slug":"3291","status":"publish","type":"post","link":"https:\/\/blogsaverroes.juntadeandalucia.es\/revistalarosaleda\/2021\/03\/08\/3291\/","title":{"rendered":"\u00a1Marcap\u00e1ginas para todos y todas por el D\u00eda Internacional de la Mujer!"},"content":{"rendered":"<p>Por el d\u00eda Internacional de la Mujer, desde el <strong>Plan de Igualdad<\/strong>, se han repartido <strong>marcap\u00e1ginas<\/strong> para todos y todas, con un precioso dise\u00f1o, realizado por nuestra compa\u00f1era <strong>Paqui Esp\u00ednola<\/strong>. Un dise\u00f1o conmemorativo de esas <strong>mujeres incre\u00edbles, que sue\u00f1an, luchan y trabajan d\u00eda a d\u00eda por construir un mundo mejor.<\/strong> <strong>\u00a1Como esas mujeres que hacen y mueven el IES La Rosaleda!<\/strong> \u00a1Feliz d\u00eda, chicas!<\/p>\nngg_shortcode_0_placeholder\n","protected":false},"excerpt":{"rendered":"<p>Por el d\u00eda Internacional de la Mujer, desde el Plan de Igualdad, se han repartido marcap\u00e1ginas para todos y todas, con un precioso dise\u00f1o, realizado&#46;&#46;&#46;<\/p>\n","protected":false},"author":10486,"featured_media":3298,"comment_status":"closed","ping_status":"open","sticky":false,"template":"","format":"standard","meta":{"ngg_post_thumbnail":0,"footnotes":""},"categories":[630,632],"tags":[],"aioseo_notices":[],"_links":{"self":[{"href":"https:\/\/blogsaverroes.juntadeandalucia.es\/revistalarosaleda\/wp-json\/wp\/v2\/posts\/3291"}],"collection":[{"href":"https:\/\/blogsaverroes.juntadeandalucia.es\/revistalarosaleda\/wp-json\/wp\/v2\/posts"}],"about":[{"href":"https:\/\/blogsaverroes.juntadeandalucia.es\/revistalarosaleda\/wp-json\/wp\/v2\/types\/post"}],"author":[{"embeddable":true,"href":"https:\/\/blogsaverroes.juntadeandalucia.es\/revistalarosaleda\/wp-json\/wp\/v2\/users\/10486"}],"replies":[{"embeddable":true,"href":"https:\/\/blogsaverroes.juntadeandalucia.es\/revistalarosaleda\/wp-json\/wp\/v2\/comments?post=3291"}],"version-history":[{"count":3,"href":"https:\/\/blogsaverroes.juntadeandalucia.es\/revistalarosaleda\/wp-json\/wp\/v2\/posts\/3291\/revisions"}],"predecessor-version":[{"id":3301,"href":"https:\/\/blogsaverroes.juntadeandalucia.es\/revistalarosaleda\/wp-json\/wp\/v2\/posts\/3291\/revisions\/3301"}],"wp:featuredmedia":[{"embeddable":true,"href":"https:\/\/blogsaverroes.juntadeandalucia.es\/revistalarosaleda\/wp-json\/wp\/v2\/media\/3298"}],"wp:attachment":[{"href":"https:\/\/blogsaverroes.juntadeandalucia.es\/revistalarosaleda\/wp-json\/wp\/v2\/media?parent=3291"}],"wp:term":[{"taxonomy":"category","embeddable":true,"href":"https:\/\/blogsaverroes.juntadeandalucia.es\/revistalarosaleda\/wp-json\/wp\/v2\/categories?post=3291"},{"taxonomy":"post_tag","embeddable":true,"href":"https:\/\/blogsaverroes.juntadeandalucia.es\/revistalarosaleda\/wp-json\/wp\/v2\/tags?post=3291"}],"curies":[{"name":"wp","href":"https:\/\/api.w.org\/{rel}","templated":true}]}}