{"id":3418,"date":"2021-10-21T10:58:52","date_gmt":"2021-10-21T10:58:52","guid":{"rendered":"https:\/\/blogsaverroes.juntadeandalucia.es\/revistalarosaleda\/?p=3418"},"modified":"2021-10-26T09:15:38","modified_gmt":"2021-10-26T09:15:38","slug":"presenta-tu-candidatura","status":"publish","type":"post","link":"https:\/\/blogsaverroes.juntadeandalucia.es\/revistalarosaleda\/2021\/10\/21\/presenta-tu-candidatura\/","title":{"rendered":"\u00a1Presenta tu Candidatura!"},"content":{"rendered":"<p>Os recordamos que se ha iniciado la <strong>CONVOCATORIA DE ELECCIONES A CONSEJO ESCOLAR.<\/strong><\/p>\n<p>El plazo de admisi\u00f3n de candidaturas es del <strong>d\u00eda 15 al d\u00eda 28 de octubre de 2021 ambos inclusive<\/strong>. Las personas interesadas en participar deben presentar el modelo de <strong>solicitud para la inscripci\u00f3n como CANDIDATO\/A<\/strong>&nbsp; disponible en la Secretar\u00eda del Centro.&nbsp;<\/p>\n<p>Dejamos el detalle del procedimiento para padres\/madres\/tutores legales y alumnado:<\/p>\n<p style=\"text-align: center\"><iframe loading=\"lazy\" src=\"https:\/\/drive.google.com\/file\/d\/1P-BWzxr5qguW9Ao7axiHzUbX7rzslceX\/preview\" width=\"640\" height=\"480\"><\/iframe><\/p>\n<p style=\"text-align: center\">&nbsp;<iframe loading=\"lazy\" src=\"https:\/\/drive.google.com\/file\/d\/1m7uM18O1sRNWGivlukkJm3JgytyxyNm5\/preview\" width=\"640\" height=\"480\"><\/iframe><\/p>\n<p>\u00a1An\u00edmate a ser parte de nuestro Consejo Escolar! \u00a1Tienes mucho que aportar!<\/p>\n<p><a href=\"https:\/\/blogsaverroes.juntadeandalucia.es\/revistalarosaleda\/files\/2021\/10\/Consejo-EscolarUltimodef.png\"><img loading=\"lazy\" decoding=\"async\" class=\"aligncenter size-large wp-image-3426\" src=\"https:\/\/blogsaverroes.juntadeandalucia.es\/revistalarosaleda\/files\/2021\/10\/Consejo-EscolarUltimodef-724x1024.png\" alt=\"\" width=\"724\" height=\"1024\" srcset=\"https:\/\/blogsaverroes.juntadeandalucia.es\/revistalarosaleda\/files\/2021\/10\/Consejo-EscolarUltimodef-724x1024.png 724w, https:\/\/blogsaverroes.juntadeandalucia.es\/revistalarosaleda\/files\/2021\/10\/Consejo-EscolarUltimodef-212x300.png 212w, https:\/\/blogsaverroes.juntadeandalucia.es\/revistalarosaleda\/files\/2021\/10\/Consejo-EscolarUltimodef-768x1086.png 768w, https:\/\/blogsaverroes.juntadeandalucia.es\/revistalarosaleda\/files\/2021\/10\/Consejo-EscolarUltimodef-1086x1536.png 1086w, https:\/\/blogsaverroes.juntadeandalucia.es\/revistalarosaleda\/files\/2021\/10\/Consejo-EscolarUltimodef-17x24.png 17w, https:\/\/blogsaverroes.juntadeandalucia.es\/revistalarosaleda\/files\/2021\/10\/Consejo-EscolarUltimodef-25x36.png 25w, https:\/\/blogsaverroes.juntadeandalucia.es\/revistalarosaleda\/files\/2021\/10\/Consejo-EscolarUltimodef-34x48.png 34w, https:\/\/blogsaverroes.juntadeandalucia.es\/revistalarosaleda\/files\/2021\/10\/Consejo-EscolarUltimodef.png 1240w\" sizes=\"(max-width: 724px) 100vw, 724px\" \/><\/a><\/p>\n","protected":false},"excerpt":{"rendered":"<p>Os recordamos que se ha iniciado la CONVOCATORIA DE ELECCIONES A CONSEJO ESCOLAR. El plazo de admisi\u00f3n de candidaturas es del d\u00eda 15 al d\u00eda&#46;&#46;&#46;<\/p>\n","protected":false},"author":10486,"featured_media":3426,"comment_status":"closed","ping_status":"open","sticky":false,"template":"","format":"standard","meta":{"ngg_post_thumbnail":0,"footnotes":""},"categories":[644,643],"tags":[],"aioseo_notices":[],"_links":{"self":[{"href":"https:\/\/blogsaverroes.juntadeandalucia.es\/revistalarosaleda\/wp-json\/wp\/v2\/posts\/3418"}],"collection":[{"href":"https:\/\/blogsaverroes.juntadeandalucia.es\/revistalarosaleda\/wp-json\/wp\/v2\/posts"}],"about":[{"href":"https:\/\/blogsaverroes.juntadeandalucia.es\/revistalarosaleda\/wp-json\/wp\/v2\/types\/post"}],"author":[{"embeddable":true,"href":"https:\/\/blogsaverroes.juntadeandalucia.es\/revistalarosaleda\/wp-json\/wp\/v2\/users\/10486"}],"replies":[{"embeddable":true,"href":"https:\/\/blogsaverroes.juntadeandalucia.es\/revistalarosaleda\/wp-json\/wp\/v2\/comments?post=3418"}],"version-history":[{"count":6,"href":"https:\/\/blogsaverroes.juntadeandalucia.es\/revistalarosaleda\/wp-json\/wp\/v2\/posts\/3418\/revisions"}],"predecessor-version":[{"id":3466,"href":"https:\/\/blogsaverroes.juntadeandalucia.es\/revistalarosaleda\/wp-json\/wp\/v2\/posts\/3418\/revisions\/3466"}],"wp:featuredmedia":[{"embeddable":true,"href":"https:\/\/blogsaverroes.juntadeandalucia.es\/revistalarosaleda\/wp-json\/wp\/v2\/media\/3426"}],"wp:attachment":[{"href":"https:\/\/blogsaverroes.juntadeandalucia.es\/revistalarosaleda\/wp-json\/wp\/v2\/media?parent=3418"}],"wp:term":[{"taxonomy":"category","embeddable":true,"href":"https:\/\/blogsaverroes.juntadeandalucia.es\/revistalarosaleda\/wp-json\/wp\/v2\/categories?post=3418"},{"taxonomy":"post_tag","embeddable":true,"href":"https:\/\/blogsaverroes.juntadeandalucia.es\/revistalarosaleda\/wp-json\/wp\/v2\/tags?post=3418"}],"curies":[{"name":"wp","href":"https:\/\/api.w.org\/{rel}","templated":true}]}}