{"id":3485,"date":"2021-10-30T15:51:01","date_gmt":"2021-10-30T15:51:01","guid":{"rendered":"https:\/\/blogsaverroes.juntadeandalucia.es\/revistalarosaleda\/?p=3485"},"modified":"2021-10-30T15:54:32","modified_gmt":"2021-10-30T15:54:32","slug":"seguimos-de-halloween-en-nuestro-instituto","status":"publish","type":"post","link":"https:\/\/blogsaverroes.juntadeandalucia.es\/revistalarosaleda\/2021\/10\/30\/seguimos-de-halloween-en-nuestro-instituto\/","title":{"rendered":"\u00a1Seguimos de Halloween en nuestro Instituto!"},"content":{"rendered":"<div dir=\"auto\">\u00a1Seguimos de Halloween en nuestro Instituto!<\/div>\n<div dir=\"auto\">El alumnado de <strong>2\u00ba de Programa Espec\u00edfico de FP B\u00e1sica de Agrojardiner\u00eda y Composiciones Florales<\/strong> ha decorado la sala del profesorado como actividad del m\u00f3dulo profesional <strong>Operaciones auxiliares en la elaboraci\u00f3n de composiciones con flores y plantas<\/strong>. \u00a1Ha quedado de miedo!<\/div>\n<div dir=\"auto\">&nbsp;<\/div>\n<div dir=\"auto\"><a href=\"https:\/\/blogsaverroes.juntadeandalucia.es\/revistalarosaleda\/files\/2021\/10\/WhatsApp-Image-2021-10-27-at-18.24.31.jpeg\"><img loading=\"lazy\" decoding=\"async\" class=\"aligncenter size-large wp-image-3486\" src=\"https:\/\/blogsaverroes.juntadeandalucia.es\/revistalarosaleda\/files\/2021\/10\/WhatsApp-Image-2021-10-27-at-18.24.31-1024x768.jpeg\" alt=\"\" width=\"1024\" height=\"768\" srcset=\"https:\/\/blogsaverroes.juntadeandalucia.es\/revistalarosaleda\/files\/2021\/10\/WhatsApp-Image-2021-10-27-at-18.24.31-1024x768.jpeg 1024w, https:\/\/blogsaverroes.juntadeandalucia.es\/revistalarosaleda\/files\/2021\/10\/WhatsApp-Image-2021-10-27-at-18.24.31-300x225.jpeg 300w, https:\/\/blogsaverroes.juntadeandalucia.es\/revistalarosaleda\/files\/2021\/10\/WhatsApp-Image-2021-10-27-at-18.24.31-768x576.jpeg 768w, https:\/\/blogsaverroes.juntadeandalucia.es\/revistalarosaleda\/files\/2021\/10\/WhatsApp-Image-2021-10-27-at-18.24.31-1536x1152.jpeg 1536w, https:\/\/blogsaverroes.juntadeandalucia.es\/revistalarosaleda\/files\/2021\/10\/WhatsApp-Image-2021-10-27-at-18.24.31-24x18.jpeg 24w, https:\/\/blogsaverroes.juntadeandalucia.es\/revistalarosaleda\/files\/2021\/10\/WhatsApp-Image-2021-10-27-at-18.24.31-36x27.jpeg 36w, https:\/\/blogsaverroes.juntadeandalucia.es\/revistalarosaleda\/files\/2021\/10\/WhatsApp-Image-2021-10-27-at-18.24.31-48x36.jpeg 48w, https:\/\/blogsaverroes.juntadeandalucia.es\/revistalarosaleda\/files\/2021\/10\/WhatsApp-Image-2021-10-27-at-18.24.31.jpeg 1984w\" sizes=\"(max-width: 1024px) 100vw, 1024px\" \/><\/a><\/div>\n<div dir=\"auto\"><a href=\"https:\/\/blogsaverroes.juntadeandalucia.es\/revistalarosaleda\/files\/2021\/10\/WhatsApp-Image-2021-10-27-at-18.24.31-1.jpeg\"><img loading=\"lazy\" decoding=\"async\" class=\"aligncenter size-large wp-image-3487\" src=\"https:\/\/blogsaverroes.juntadeandalucia.es\/revistalarosaleda\/files\/2021\/10\/WhatsApp-Image-2021-10-27-at-18.24.31-1-1024x461.jpeg\" alt=\"\" width=\"1024\" height=\"461\" srcset=\"https:\/\/blogsaverroes.juntadeandalucia.es\/revistalarosaleda\/files\/2021\/10\/WhatsApp-Image-2021-10-27-at-18.24.31-1-1024x461.jpeg 1024w, https:\/\/blogsaverroes.juntadeandalucia.es\/revistalarosaleda\/files\/2021\/10\/WhatsApp-Image-2021-10-27-at-18.24.31-1-300x135.jpeg 300w, https:\/\/blogsaverroes.juntadeandalucia.es\/revistalarosaleda\/files\/2021\/10\/WhatsApp-Image-2021-10-27-at-18.24.31-1-768x346.jpeg 768w, https:\/\/blogsaverroes.juntadeandalucia.es\/revistalarosaleda\/files\/2021\/10\/WhatsApp-Image-2021-10-27-at-18.24.31-1-1536x691.jpeg 1536w, https:\/\/blogsaverroes.juntadeandalucia.es\/revistalarosaleda\/files\/2021\/10\/WhatsApp-Image-2021-10-27-at-18.24.31-1-24x11.jpeg 24w, https:\/\/blogsaverroes.juntadeandalucia.es\/revistalarosaleda\/files\/2021\/10\/WhatsApp-Image-2021-10-27-at-18.24.31-1-36x16.jpeg 36w, https:\/\/blogsaverroes.juntadeandalucia.es\/revistalarosaleda\/files\/2021\/10\/WhatsApp-Image-2021-10-27-at-18.24.31-1-48x22.jpeg 48w, https:\/\/blogsaverroes.juntadeandalucia.es\/revistalarosaleda\/files\/2021\/10\/WhatsApp-Image-2021-10-27-at-18.24.31-1.jpeg 2000w\" sizes=\"(max-width: 1024px) 100vw, 1024px\" \/><\/a><\/div>\n","protected":false},"excerpt":{"rendered":"<p>\u00a1Seguimos de Halloween en nuestro Instituto! El alumnado de 2\u00ba de Programa Espec\u00edfico de FP B\u00e1sica de Agrojardiner\u00eda y Composiciones Florales ha decorado la sala&#46;&#46;&#46;<\/p>\n","protected":false},"author":10486,"featured_media":3487,"comment_status":"closed","ping_status":"open","sticky":false,"template":"","format":"standard","meta":{"ngg_post_thumbnail":0,"footnotes":""},"categories":[644,643],"tags":[],"aioseo_notices":[],"_links":{"self":[{"href":"https:\/\/blogsaverroes.juntadeandalucia.es\/revistalarosaleda\/wp-json\/wp\/v2\/posts\/3485"}],"collection":[{"href":"https:\/\/blogsaverroes.juntadeandalucia.es\/revistalarosaleda\/wp-json\/wp\/v2\/posts"}],"about":[{"href":"https:\/\/blogsaverroes.juntadeandalucia.es\/revistalarosaleda\/wp-json\/wp\/v2\/types\/post"}],"author":[{"embeddable":true,"href":"https:\/\/blogsaverroes.juntadeandalucia.es\/revistalarosaleda\/wp-json\/wp\/v2\/users\/10486"}],"replies":[{"embeddable":true,"href":"https:\/\/blogsaverroes.juntadeandalucia.es\/revistalarosaleda\/wp-json\/wp\/v2\/comments?post=3485"}],"version-history":[{"count":2,"href":"https:\/\/blogsaverroes.juntadeandalucia.es\/revistalarosaleda\/wp-json\/wp\/v2\/posts\/3485\/revisions"}],"predecessor-version":[{"id":3491,"href":"https:\/\/blogsaverroes.juntadeandalucia.es\/revistalarosaleda\/wp-json\/wp\/v2\/posts\/3485\/revisions\/3491"}],"wp:featuredmedia":[{"embeddable":true,"href":"https:\/\/blogsaverroes.juntadeandalucia.es\/revistalarosaleda\/wp-json\/wp\/v2\/media\/3487"}],"wp:attachment":[{"href":"https:\/\/blogsaverroes.juntadeandalucia.es\/revistalarosaleda\/wp-json\/wp\/v2\/media?parent=3485"}],"wp:term":[{"taxonomy":"category","embeddable":true,"href":"https:\/\/blogsaverroes.juntadeandalucia.es\/revistalarosaleda\/wp-json\/wp\/v2\/categories?post=3485"},{"taxonomy":"post_tag","embeddable":true,"href":"https:\/\/blogsaverroes.juntadeandalucia.es\/revistalarosaleda\/wp-json\/wp\/v2\/tags?post=3485"}],"curies":[{"name":"wp","href":"https:\/\/api.w.org\/{rel}","templated":true}]}}