{"id":3633,"date":"2021-12-14T10:53:40","date_gmt":"2021-12-14T10:53:40","guid":{"rendered":"https:\/\/blogsaverroes.juntadeandalucia.es\/revistalarosaleda\/?p=3633"},"modified":"2021-12-14T10:54:37","modified_gmt":"2021-12-14T10:54:37","slug":"visita-a-la-antigua-imprenta-sur","status":"publish","type":"post","link":"https:\/\/blogsaverroes.juntadeandalucia.es\/revistalarosaleda\/2021\/12\/14\/visita-a-la-antigua-imprenta-sur\/","title":{"rendered":"Visita a la Antigua Imprenta Sur"},"content":{"rendered":"<p><span data-offset-key=\"afipv-0-0\">El alumnado de <strong>1\u00b0 y 2\u00b0 de Impresi\u00f3n Gr\u00e1fica<\/strong> realizaron el pasado viernes una visita a la antigua <strong>Imprenta Sur, la imprenta-museo tipogr\u00e1fica<\/strong> situada en el <strong>Centro Victoria Atencia<\/strong> de la <strong>Diputaci\u00f3n de M\u00e1laga<\/strong>, donde vio la luz la <strong>Revista Litoral<\/strong> de nuestros poetas de la <strong>Generaci\u00f3n del 27<\/strong>. \u00a1Una actividad muy ilustrativa e interesante!&nbsp;<\/span><\/p>\n<p><a href=\"https:\/\/blogsaverroes.juntadeandalucia.es\/revistalarosaleda\/files\/2021\/12\/0001.png\"><img loading=\"lazy\" decoding=\"async\" class=\"aligncenter size-large wp-image-3634\" src=\"https:\/\/blogsaverroes.juntadeandalucia.es\/revistalarosaleda\/files\/2021\/12\/0001-1024x758.png\" alt=\"\" width=\"1024\" height=\"758\" srcset=\"https:\/\/blogsaverroes.juntadeandalucia.es\/revistalarosaleda\/files\/2021\/12\/0001-1024x758.png 1024w, https:\/\/blogsaverroes.juntadeandalucia.es\/revistalarosaleda\/files\/2021\/12\/0001-300x222.png 300w, https:\/\/blogsaverroes.juntadeandalucia.es\/revistalarosaleda\/files\/2021\/12\/0001-768x569.png 768w, https:\/\/blogsaverroes.juntadeandalucia.es\/revistalarosaleda\/files\/2021\/12\/0001-24x18.png 24w, https:\/\/blogsaverroes.juntadeandalucia.es\/revistalarosaleda\/files\/2021\/12\/0001-36x27.png 36w, https:\/\/blogsaverroes.juntadeandalucia.es\/revistalarosaleda\/files\/2021\/12\/0001-48x36.png 48w, https:\/\/blogsaverroes.juntadeandalucia.es\/revistalarosaleda\/files\/2021\/12\/0001.png 1041w\" sizes=\"(max-width: 1024px) 100vw, 1024px\" \/><\/a> <a href=\"https:\/\/blogsaverroes.juntadeandalucia.es\/revistalarosaleda\/files\/2021\/12\/0002.png\"><img loading=\"lazy\" decoding=\"async\" class=\"aligncenter size-large wp-image-3635\" src=\"https:\/\/blogsaverroes.juntadeandalucia.es\/revistalarosaleda\/files\/2021\/12\/0002-1024x752.png\" alt=\"\" width=\"1024\" height=\"752\" srcset=\"https:\/\/blogsaverroes.juntadeandalucia.es\/revistalarosaleda\/files\/2021\/12\/0002-1024x752.png 1024w, https:\/\/blogsaverroes.juntadeandalucia.es\/revistalarosaleda\/files\/2021\/12\/0002-300x220.png 300w, https:\/\/blogsaverroes.juntadeandalucia.es\/revistalarosaleda\/files\/2021\/12\/0002-768x564.png 768w, https:\/\/blogsaverroes.juntadeandalucia.es\/revistalarosaleda\/files\/2021\/12\/0002-1536x1128.png 1536w, https:\/\/blogsaverroes.juntadeandalucia.es\/revistalarosaleda\/files\/2021\/12\/0002-24x18.png 24w, https:\/\/blogsaverroes.juntadeandalucia.es\/revistalarosaleda\/files\/2021\/12\/0002-36x26.png 36w, https:\/\/blogsaverroes.juntadeandalucia.es\/revistalarosaleda\/files\/2021\/12\/0002-48x35.png 48w, https:\/\/blogsaverroes.juntadeandalucia.es\/revistalarosaleda\/files\/2021\/12\/0002.png 1565w\" sizes=\"(max-width: 1024px) 100vw, 1024px\" \/><\/a><\/p>\n","protected":false},"excerpt":{"rendered":"<p>El alumnado de 1\u00b0 y 2\u00b0 de Impresi\u00f3n Gr\u00e1fica realizaron el pasado viernes una visita a la antigua Imprenta Sur, la imprenta-museo tipogr\u00e1fica situada en&#46;&#46;&#46;<\/p>\n","protected":false},"author":10486,"featured_media":3634,"comment_status":"closed","ping_status":"open","sticky":false,"template":"","format":"standard","meta":{"ngg_post_thumbnail":0,"footnotes":""},"categories":[634,630,645,643],"tags":[],"aioseo_notices":[],"_links":{"self":[{"href":"https:\/\/blogsaverroes.juntadeandalucia.es\/revistalarosaleda\/wp-json\/wp\/v2\/posts\/3633"}],"collection":[{"href":"https:\/\/blogsaverroes.juntadeandalucia.es\/revistalarosaleda\/wp-json\/wp\/v2\/posts"}],"about":[{"href":"https:\/\/blogsaverroes.juntadeandalucia.es\/revistalarosaleda\/wp-json\/wp\/v2\/types\/post"}],"author":[{"embeddable":true,"href":"https:\/\/blogsaverroes.juntadeandalucia.es\/revistalarosaleda\/wp-json\/wp\/v2\/users\/10486"}],"replies":[{"embeddable":true,"href":"https:\/\/blogsaverroes.juntadeandalucia.es\/revistalarosaleda\/wp-json\/wp\/v2\/comments?post=3633"}],"version-history":[{"count":2,"href":"https:\/\/blogsaverroes.juntadeandalucia.es\/revistalarosaleda\/wp-json\/wp\/v2\/posts\/3633\/revisions"}],"predecessor-version":[{"id":3637,"href":"https:\/\/blogsaverroes.juntadeandalucia.es\/revistalarosaleda\/wp-json\/wp\/v2\/posts\/3633\/revisions\/3637"}],"wp:featuredmedia":[{"embeddable":true,"href":"https:\/\/blogsaverroes.juntadeandalucia.es\/revistalarosaleda\/wp-json\/wp\/v2\/media\/3634"}],"wp:attachment":[{"href":"https:\/\/blogsaverroes.juntadeandalucia.es\/revistalarosaleda\/wp-json\/wp\/v2\/media?parent=3633"}],"wp:term":[{"taxonomy":"category","embeddable":true,"href":"https:\/\/blogsaverroes.juntadeandalucia.es\/revistalarosaleda\/wp-json\/wp\/v2\/categories?post=3633"},{"taxonomy":"post_tag","embeddable":true,"href":"https:\/\/blogsaverroes.juntadeandalucia.es\/revistalarosaleda\/wp-json\/wp\/v2\/tags?post=3633"}],"curies":[{"name":"wp","href":"https:\/\/api.w.org\/{rel}","templated":true}]}}