{"id":3763,"date":"2022-03-08T23:03:43","date_gmt":"2022-03-08T23:03:43","guid":{"rendered":"https:\/\/blogsaverroes.juntadeandalucia.es\/revistalarosaleda\/?p=3763"},"modified":"2022-03-08T23:13:40","modified_gmt":"2022-03-08T23:13:40","slug":"3763","status":"publish","type":"post","link":"https:\/\/blogsaverroes.juntadeandalucia.es\/revistalarosaleda\/2022\/03\/08\/3763\/","title":{"rendered":"8M: Flavia y \u00c1ngela Gonz\u00e1lez, dos Cantautoras que estudiaron en el IES La Rosaleda."},"content":{"rendered":"<div>Estos d\u00edas, por el<strong> D\u00eda Internacional de la Mujer<\/strong>, est\u00e1 sonando en nuestros recreos un listado de canciones para conmemorar esta fecha. Entre dichas canciones, se han incluido dos de dos alumnas que <strong>han estudiado en nuestro centro<\/strong> y que est\u00e1n trabajando profesionalmente como <strong>cantautoras. \u00a1Mavarilloso trabajo de dos chicas maravillosas!<\/strong> Os las dejamos por aqu\u00ed para que pod\u00e1is disfrutarlas tanto como nosotros:<\/div>\n<div>&nbsp;<\/div>\n<div><span style=\"color: #741b47\"><b>&#8211; <\/b><strong>Flavia&nbsp;<\/strong>con&nbsp;<strong>\u00ab<em>L<\/em><i>a Soluci\u00f3n\u00bb<\/i><\/strong><\/span><\/div>\n<div>&nbsp;<\/div>\n<div style=\"text-align: center\"><iframe loading=\"lazy\" src=\"https:\/\/www.youtube.com\/embed\/mA0xiICIp7o\" width=\"560\" height=\"315\" frameborder=\"0\"><\/iframe>&nbsp;<\/div>\n<div><span style=\"color: #741b47\"><b><i>&nbsp;<\/i><\/b><\/span><\/div>\n<div><span style=\"color: #741b47\"><b>&#8211; <\/b><strong>\u00c1ngela Gonzalez<\/strong>&nbsp; y la colaboraci\u00f3n de El Jose con&nbsp;<strong>\u00ab<i>La canci\u00f3n m\u00e1s verdadera\u00bb<\/i><\/strong><\/span><\/div>\n<div>&nbsp;<\/div>\n<div style=\"text-align: center\"><iframe loading=\"lazy\" src=\"https:\/\/www.youtube.com\/embed\/fhvZqN-f7ZI\" width=\"560\" height=\"315\" frameborder=\"0\"><\/iframe>&nbsp;<\/div>\n","protected":false},"excerpt":{"rendered":"<p>Estos d\u00edas, por el D\u00eda Internacional de la Mujer, est\u00e1 sonando en nuestros recreos un listado de canciones para conmemorar esta fecha. Entre dichas canciones,&#46;&#46;&#46;<\/p>\n","protected":false},"author":10486,"featured_media":3767,"comment_status":"closed","ping_status":"open","sticky":false,"template":"","format":"standard","meta":{"ngg_post_thumbnail":0,"footnotes":""},"categories":[630,644,632,643,631],"tags":[],"aioseo_notices":[],"_links":{"self":[{"href":"https:\/\/blogsaverroes.juntadeandalucia.es\/revistalarosaleda\/wp-json\/wp\/v2\/posts\/3763"}],"collection":[{"href":"https:\/\/blogsaverroes.juntadeandalucia.es\/revistalarosaleda\/wp-json\/wp\/v2\/posts"}],"about":[{"href":"https:\/\/blogsaverroes.juntadeandalucia.es\/revistalarosaleda\/wp-json\/wp\/v2\/types\/post"}],"author":[{"embeddable":true,"href":"https:\/\/blogsaverroes.juntadeandalucia.es\/revistalarosaleda\/wp-json\/wp\/v2\/users\/10486"}],"replies":[{"embeddable":true,"href":"https:\/\/blogsaverroes.juntadeandalucia.es\/revistalarosaleda\/wp-json\/wp\/v2\/comments?post=3763"}],"version-history":[{"count":3,"href":"https:\/\/blogsaverroes.juntadeandalucia.es\/revistalarosaleda\/wp-json\/wp\/v2\/posts\/3763\/revisions"}],"predecessor-version":[{"id":3766,"href":"https:\/\/blogsaverroes.juntadeandalucia.es\/revistalarosaleda\/wp-json\/wp\/v2\/posts\/3763\/revisions\/3766"}],"wp:featuredmedia":[{"embeddable":true,"href":"https:\/\/blogsaverroes.juntadeandalucia.es\/revistalarosaleda\/wp-json\/wp\/v2\/media\/3767"}],"wp:attachment":[{"href":"https:\/\/blogsaverroes.juntadeandalucia.es\/revistalarosaleda\/wp-json\/wp\/v2\/media?parent=3763"}],"wp:term":[{"taxonomy":"category","embeddable":true,"href":"https:\/\/blogsaverroes.juntadeandalucia.es\/revistalarosaleda\/wp-json\/wp\/v2\/categories?post=3763"},{"taxonomy":"post_tag","embeddable":true,"href":"https:\/\/blogsaverroes.juntadeandalucia.es\/revistalarosaleda\/wp-json\/wp\/v2\/tags?post=3763"}],"curies":[{"name":"wp","href":"https:\/\/api.w.org\/{rel}","templated":true}]}}