{"id":3894,"date":"2022-11-22T10:05:32","date_gmt":"2022-11-22T10:05:32","guid":{"rendered":"https:\/\/blogsaverroes.juntadeandalucia.es\/revistalarosaleda\/?p=3894"},"modified":"2022-11-22T10:05:32","modified_gmt":"2022-11-22T10:05:32","slug":"programa-comunica","status":"publish","type":"post","link":"https:\/\/blogsaverroes.juntadeandalucia.es\/revistalarosaleda\/2022\/11\/22\/programa-comunica\/","title":{"rendered":"Programa Comunica"},"content":{"rendered":"<p style=\"text-align: center\"><span style=\"font-family: impact, sans-serif;font-size: 36pt;color: #1b4382\">Programa Comunica<\/span><\/p>\n<p style=\"text-align: center\"><strong>(Espacio para la difusi\u00f3n de las actividades que se realizan a lo largo de este curso 22-23 dentro del Programa Comunica del IES La Rosaleda)<\/strong><\/p>\n<div id=\"attachment_3895\" style=\"width: 2570px\" class=\"wp-caption aligncenter\"><a href=\"https:\/\/blogsaverroes.juntadeandalucia.es\/revistalarosaleda\/files\/2022\/11\/56560-scaled.jpg\"><img loading=\"lazy\" decoding=\"async\" aria-describedby=\"caption-attachment-3895\" class=\"size-full wp-image-3895\" src=\"https:\/\/blogsaverroes.juntadeandalucia.es\/revistalarosaleda\/files\/2022\/11\/56560-scaled.jpg\" alt=\"\" width=\"2560\" height=\"1664\" srcset=\"https:\/\/blogsaverroes.juntadeandalucia.es\/revistalarosaleda\/files\/2022\/11\/56560-scaled.jpg 2560w, https:\/\/blogsaverroes.juntadeandalucia.es\/revistalarosaleda\/files\/2022\/11\/56560-300x195.jpg 300w, https:\/\/blogsaverroes.juntadeandalucia.es\/revistalarosaleda\/files\/2022\/11\/56560-1024x666.jpg 1024w, https:\/\/blogsaverroes.juntadeandalucia.es\/revistalarosaleda\/files\/2022\/11\/56560-768x499.jpg 768w, https:\/\/blogsaverroes.juntadeandalucia.es\/revistalarosaleda\/files\/2022\/11\/56560-1536x998.jpg 1536w, https:\/\/blogsaverroes.juntadeandalucia.es\/revistalarosaleda\/files\/2022\/11\/56560-2048x1331.jpg 2048w, https:\/\/blogsaverroes.juntadeandalucia.es\/revistalarosaleda\/files\/2022\/11\/56560-24x16.jpg 24w, https:\/\/blogsaverroes.juntadeandalucia.es\/revistalarosaleda\/files\/2022\/11\/56560-36x23.jpg 36w, https:\/\/blogsaverroes.juntadeandalucia.es\/revistalarosaleda\/files\/2022\/11\/56560-48x31.jpg 48w\" sizes=\"(max-width: 2560px) 100vw, 2560px\" \/><\/a><p id=\"caption-attachment-3895\" class=\"wp-caption-text\"><strong>Vector libre de derechos de Freepik<\/strong><\/p><\/div>\n<p>&nbsp;<\/p>\n<p>\u00a1Inauguramos nueva secci\u00f3n! En esta p\u00e1gina iremos publicando toda la informaci\u00f3n relacionada con las actividades que vamos a realizar dentro del Programa Comunica en nuestro centro. Esperamos que sean de vuestro inter\u00e9s.<\/p>\n<p>&nbsp;<\/p>\n<p>&nbsp;<\/p>\n<p>&nbsp;<\/p>\n","protected":false},"excerpt":{"rendered":"<p>Programa Comunica (Espacio para la difusi\u00f3n de las actividades que se realizan a lo largo de este curso 22-23 dentro del Programa Comunica del IES&#46;&#46;&#46;<\/p>\n","protected":false},"author":10486,"featured_media":3895,"comment_status":"closed","ping_status":"open","sticky":false,"template":"","format":"standard","meta":{"ngg_post_thumbnail":0,"footnotes":""},"categories":[654],"tags":[],"aioseo_notices":[],"_links":{"self":[{"href":"https:\/\/blogsaverroes.juntadeandalucia.es\/revistalarosaleda\/wp-json\/wp\/v2\/posts\/3894"}],"collection":[{"href":"https:\/\/blogsaverroes.juntadeandalucia.es\/revistalarosaleda\/wp-json\/wp\/v2\/posts"}],"about":[{"href":"https:\/\/blogsaverroes.juntadeandalucia.es\/revistalarosaleda\/wp-json\/wp\/v2\/types\/post"}],"author":[{"embeddable":true,"href":"https:\/\/blogsaverroes.juntadeandalucia.es\/revistalarosaleda\/wp-json\/wp\/v2\/users\/10486"}],"replies":[{"embeddable":true,"href":"https:\/\/blogsaverroes.juntadeandalucia.es\/revistalarosaleda\/wp-json\/wp\/v2\/comments?post=3894"}],"version-history":[{"count":1,"href":"https:\/\/blogsaverroes.juntadeandalucia.es\/revistalarosaleda\/wp-json\/wp\/v2\/posts\/3894\/revisions"}],"predecessor-version":[{"id":3897,"href":"https:\/\/blogsaverroes.juntadeandalucia.es\/revistalarosaleda\/wp-json\/wp\/v2\/posts\/3894\/revisions\/3897"}],"wp:featuredmedia":[{"embeddable":true,"href":"https:\/\/blogsaverroes.juntadeandalucia.es\/revistalarosaleda\/wp-json\/wp\/v2\/media\/3895"}],"wp:attachment":[{"href":"https:\/\/blogsaverroes.juntadeandalucia.es\/revistalarosaleda\/wp-json\/wp\/v2\/media?parent=3894"}],"wp:term":[{"taxonomy":"category","embeddable":true,"href":"https:\/\/blogsaverroes.juntadeandalucia.es\/revistalarosaleda\/wp-json\/wp\/v2\/categories?post=3894"},{"taxonomy":"post_tag","embeddable":true,"href":"https:\/\/blogsaverroes.juntadeandalucia.es\/revistalarosaleda\/wp-json\/wp\/v2\/tags?post=3894"}],"curies":[{"name":"wp","href":"https:\/\/api.w.org\/{rel}","templated":true}]}}