{"id":3970,"date":"2023-03-08T21:54:02","date_gmt":"2023-03-08T21:54:02","guid":{"rendered":"https:\/\/blogsaverroes.juntadeandalucia.es\/revistalarosaleda\/?p=3970"},"modified":"2023-03-08T21:56:56","modified_gmt":"2023-03-08T21:56:56","slug":"3970","status":"publish","type":"post","link":"https:\/\/blogsaverroes.juntadeandalucia.es\/revistalarosaleda\/2023\/03\/08\/3970\/","title":{"rendered":"Nuestros Programas Espec\u00edficos de FPB por el d\u00eda de la Mujer"},"content":{"rendered":"<p>Con motivo del 8 de marzo, los&nbsp;<b>Programas Espec\u00edficos de FP B\u00e1sica&nbsp;<\/b>hemos conocido a&nbsp;<b>8 mujeres de la Historia de M\u00e1laga&nbsp;<\/b><span style=\"color: #000000\">y hemos realizado un&nbsp;<b>mural&nbsp;<\/b>que est\u00e1 en el&nbsp;<b>pasillo que va al Aula Magna<\/b>.<\/span><\/p>\n<div>\n<div>Hemos aprendido que la primera mujer futbolista fue <strong><span style=\"color: #000000\">Nita Carmona<\/span><\/strong><b>,<\/b>&nbsp;que ten\u00eda que disfrazarse de hombre para poder jugar; nos hemos enterado que la estaci\u00f3n de trenes de M\u00e1laga se llama&nbsp;<strong><span style=\"color: #000000\">Mar\u00eda Zambrano<\/span><\/strong>&nbsp;por esta fil\u00f3sofa malague\u00f1a; que gracias a que&nbsp;<strong><span style=\"color: #000000\">Victoria Kent<\/span><\/strong><span style=\"color: #000000\">fue directora de prisiones, mejor\u00f3 la vida de los reclusos; que&nbsp;<\/span><strong><span style=\"color: #000000\">Concepci\u00f3n Laz\u00e1rraga <\/span><\/strong><span style=\"color: #000000\">fue la primera farmac\u00e9utica de M\u00e1laga; que&nbsp;<\/span><strong><span style=\"color: #000000\">Amalia Heredia<\/span><\/strong><span style=\"color: #000000\">no s\u00f3lo fue importante por el Jard\u00edn Bot\u00e1nico La Concepci\u00f3n, si no que tambi\u00e9n ayud\u00f3 econ\u00f3micamente a la construcci\u00f3n del Hospital de San Juli\u00e1n y del colegio de La Asunci\u00f3n;&nbsp;que la&nbsp;<\/span>primera mujer concejal del <a href=\"https:\/\/es.wikipedia.org\/wiki\/Ayuntamiento_de_M%C3%A1laga\" target=\"_blank\" rel=\"noopener noreferrer\" data-saferedirecturl=\"https:\/\/www.google.com\/url?q=https:\/\/es.wikipedia.org\/wiki\/Ayuntamiento_de_M%25C3%25A1laga&amp;source=gmail&amp;ust=1678397538935000&amp;usg=AOvVaw0HYl09hFcL7WmXYhT-3gTE\">Ayuntamiento de M\u00e1laga<\/a> fue <strong><span style=\"color: #000000\">Teresa Aspiaz<\/span><span style=\"color: #9900ff\"><span style=\"color: #000000\">u<\/span><\/span><\/strong><b><span style=\"color: #9900ff\">;<\/span><\/b><span style=\"color: #000000\">&nbsp;el compromiso con el feminismo de la periodista&nbsp;<strong>Isabel Oryaz\u00e1bal<\/strong>&nbsp;y la vida de pel\u00edcula&nbsp;de la bailarina&nbsp;<\/span><strong><span style=\"color: #000000\">Anita Delgado <\/span><\/strong><span style=\"color: #000000\">se convirti\u00f3 en Princesa de Kapurthala<\/span><span style=\"color: #000000\">.<\/span><\/div>\n<\/div>\n<div>&nbsp;<\/div>\n<div>\n<div id=\"attachment_3971\" style=\"width: 2570px\" class=\"wp-caption aligncenter\"><a href=\"https:\/\/blogsaverroes.juntadeandalucia.es\/revistalarosaleda\/files\/2023\/03\/IMG_20230308_120720-scaled.jpg\"><img loading=\"lazy\" decoding=\"async\" aria-describedby=\"caption-attachment-3971\" class=\"size-full wp-image-3971\" src=\"https:\/\/blogsaverroes.juntadeandalucia.es\/revistalarosaleda\/files\/2023\/03\/IMG_20230308_120720-scaled.jpg\" alt=\"\" width=\"2560\" height=\"1920\" srcset=\"https:\/\/blogsaverroes.juntadeandalucia.es\/revistalarosaleda\/files\/2023\/03\/IMG_20230308_120720-scaled.jpg 2560w, https:\/\/blogsaverroes.juntadeandalucia.es\/revistalarosaleda\/files\/2023\/03\/IMG_20230308_120720-300x225.jpg 300w, https:\/\/blogsaverroes.juntadeandalucia.es\/revistalarosaleda\/files\/2023\/03\/IMG_20230308_120720-1024x768.jpg 1024w, https:\/\/blogsaverroes.juntadeandalucia.es\/revistalarosaleda\/files\/2023\/03\/IMG_20230308_120720-768x576.jpg 768w, https:\/\/blogsaverroes.juntadeandalucia.es\/revistalarosaleda\/files\/2023\/03\/IMG_20230308_120720-1536x1152.jpg 1536w, https:\/\/blogsaverroes.juntadeandalucia.es\/revistalarosaleda\/files\/2023\/03\/IMG_20230308_120720-2048x1536.jpg 2048w, https:\/\/blogsaverroes.juntadeandalucia.es\/revistalarosaleda\/files\/2023\/03\/IMG_20230308_120720-24x18.jpg 24w, https:\/\/blogsaverroes.juntadeandalucia.es\/revistalarosaleda\/files\/2023\/03\/IMG_20230308_120720-36x27.jpg 36w, https:\/\/blogsaverroes.juntadeandalucia.es\/revistalarosaleda\/files\/2023\/03\/IMG_20230308_120720-48x36.jpg 48w\" sizes=\"(max-width: 2560px) 100vw, 2560px\" \/><\/a><p id=\"caption-attachment-3971\" class=\"wp-caption-text\">dav<\/p><\/div>\n<p><a href=\"https:\/\/blogsaverroes.juntadeandalucia.es\/revistalarosaleda\/files\/2023\/03\/IMG_20230308_120802-scaled.jpg\"><img loading=\"lazy\" decoding=\"async\" class=\"size-full wp-image-3972\" src=\"https:\/\/blogsaverroes.juntadeandalucia.es\/revistalarosaleda\/files\/2023\/03\/IMG_20230308_120802-scaled.jpg\" alt=\"\" width=\"2560\" height=\"1920\" srcset=\"https:\/\/blogsaverroes.juntadeandalucia.es\/revistalarosaleda\/files\/2023\/03\/IMG_20230308_120802-scaled.jpg 2560w, https:\/\/blogsaverroes.juntadeandalucia.es\/revistalarosaleda\/files\/2023\/03\/IMG_20230308_120802-300x225.jpg 300w, https:\/\/blogsaverroes.juntadeandalucia.es\/revistalarosaleda\/files\/2023\/03\/IMG_20230308_120802-1024x768.jpg 1024w, https:\/\/blogsaverroes.juntadeandalucia.es\/revistalarosaleda\/files\/2023\/03\/IMG_20230308_120802-768x576.jpg 768w, https:\/\/blogsaverroes.juntadeandalucia.es\/revistalarosaleda\/files\/2023\/03\/IMG_20230308_120802-1536x1152.jpg 1536w, https:\/\/blogsaverroes.juntadeandalucia.es\/revistalarosaleda\/files\/2023\/03\/IMG_20230308_120802-2048x1536.jpg 2048w, https:\/\/blogsaverroes.juntadeandalucia.es\/revistalarosaleda\/files\/2023\/03\/IMG_20230308_120802-24x18.jpg 24w, https:\/\/blogsaverroes.juntadeandalucia.es\/revistalarosaleda\/files\/2023\/03\/IMG_20230308_120802-36x27.jpg 36w, https:\/\/blogsaverroes.juntadeandalucia.es\/revistalarosaleda\/files\/2023\/03\/IMG_20230308_120802-48x36.jpg 48w\" sizes=\"(max-width: 2560px) 100vw, 2560px\" \/><\/a><\/p>\n<\/div>\n","protected":false},"excerpt":{"rendered":"<p>Con motivo del 8 de marzo, los&nbsp;Programas Espec\u00edficos de FP B\u00e1sica&nbsp;hemos conocido a&nbsp;8 mujeres de la Historia de M\u00e1laga&nbsp;y hemos realizado un&nbsp;mural&nbsp;que est\u00e1 en el&nbsp;pasillo&#46;&#46;&#46;<\/p>\n","protected":false},"author":10486,"featured_media":3971,"comment_status":"closed","ping_status":"open","sticky":false,"template":"","format":"standard","meta":{"ngg_post_thumbnail":0,"footnotes":""},"categories":[630,632,643],"tags":[],"aioseo_notices":[],"_links":{"self":[{"href":"https:\/\/blogsaverroes.juntadeandalucia.es\/revistalarosaleda\/wp-json\/wp\/v2\/posts\/3970"}],"collection":[{"href":"https:\/\/blogsaverroes.juntadeandalucia.es\/revistalarosaleda\/wp-json\/wp\/v2\/posts"}],"about":[{"href":"https:\/\/blogsaverroes.juntadeandalucia.es\/revistalarosaleda\/wp-json\/wp\/v2\/types\/post"}],"author":[{"embeddable":true,"href":"https:\/\/blogsaverroes.juntadeandalucia.es\/revistalarosaleda\/wp-json\/wp\/v2\/users\/10486"}],"replies":[{"embeddable":true,"href":"https:\/\/blogsaverroes.juntadeandalucia.es\/revistalarosaleda\/wp-json\/wp\/v2\/comments?post=3970"}],"version-history":[{"count":4,"href":"https:\/\/blogsaverroes.juntadeandalucia.es\/revistalarosaleda\/wp-json\/wp\/v2\/posts\/3970\/revisions"}],"predecessor-version":[{"id":3976,"href":"https:\/\/blogsaverroes.juntadeandalucia.es\/revistalarosaleda\/wp-json\/wp\/v2\/posts\/3970\/revisions\/3976"}],"wp:featuredmedia":[{"embeddable":true,"href":"https:\/\/blogsaverroes.juntadeandalucia.es\/revistalarosaleda\/wp-json\/wp\/v2\/media\/3971"}],"wp:attachment":[{"href":"https:\/\/blogsaverroes.juntadeandalucia.es\/revistalarosaleda\/wp-json\/wp\/v2\/media?parent=3970"}],"wp:term":[{"taxonomy":"category","embeddable":true,"href":"https:\/\/blogsaverroes.juntadeandalucia.es\/revistalarosaleda\/wp-json\/wp\/v2\/categories?post=3970"},{"taxonomy":"post_tag","embeddable":true,"href":"https:\/\/blogsaverroes.juntadeandalucia.es\/revistalarosaleda\/wp-json\/wp\/v2\/tags?post=3970"}],"curies":[{"name":"wp","href":"https:\/\/api.w.org\/{rel}","templated":true}]}}