{"id":4072,"date":"2023-04-23T18:28:50","date_gmt":"2023-04-23T18:28:50","guid":{"rendered":"https:\/\/blogsaverroes.juntadeandalucia.es\/revistalarosaleda\/?p=4072"},"modified":"2023-05-29T18:36:14","modified_gmt":"2023-05-29T18:36:14","slug":"dia-del-libro-exposicion-leerflix","status":"publish","type":"post","link":"https:\/\/blogsaverroes.juntadeandalucia.es\/revistalarosaleda\/2023\/04\/23\/dia-del-libro-exposicion-leerflix\/","title":{"rendered":"D\u00eda del libro: exposici\u00f3n LEERFLIX"},"content":{"rendered":"<p>Los alumnos de 1\u00ba Programa Espec\u00edfico de FP B\u00e1sica de Carpinter\u00eda, grupo 1CYME, han realizado la <b>exposici\u00f3n LEERFLIX<\/b>. Esta exposici\u00f3n consiste en exponer los \u00faltimos libros comprados por la Biblioteca, con el <b>objetivo de<\/b>\u00a0<b> fomentar la lectura <\/b>en toda la comunidad educativa.<\/p>\n<div id=\"attachment_4073\" style=\"width: 310px\" class=\"wp-caption alignnone\"><img loading=\"lazy\" decoding=\"async\" aria-describedby=\"caption-attachment-4073\" class=\"size-medium wp-image-4073\" src=\"https:\/\/blogsaverroes.juntadeandalucia.es\/revistalarosaleda\/files\/2023\/05\/IMG_20230421_135712-300x225.jpg\" alt=\"\" width=\"300\" height=\"225\" srcset=\"https:\/\/blogsaverroes.juntadeandalucia.es\/revistalarosaleda\/files\/2023\/05\/IMG_20230421_135712-300x225.jpg 300w, https:\/\/blogsaverroes.juntadeandalucia.es\/revistalarosaleda\/files\/2023\/05\/IMG_20230421_135712-1024x768.jpg 1024w, https:\/\/blogsaverroes.juntadeandalucia.es\/revistalarosaleda\/files\/2023\/05\/IMG_20230421_135712-768x576.jpg 768w, https:\/\/blogsaverroes.juntadeandalucia.es\/revistalarosaleda\/files\/2023\/05\/IMG_20230421_135712-1536x1152.jpg 1536w, https:\/\/blogsaverroes.juntadeandalucia.es\/revistalarosaleda\/files\/2023\/05\/IMG_20230421_135712-2048x1536.jpg 2048w, https:\/\/blogsaverroes.juntadeandalucia.es\/revistalarosaleda\/files\/2023\/05\/IMG_20230421_135712-24x18.jpg 24w, https:\/\/blogsaverroes.juntadeandalucia.es\/revistalarosaleda\/files\/2023\/05\/IMG_20230421_135712-36x27.jpg 36w, https:\/\/blogsaverroes.juntadeandalucia.es\/revistalarosaleda\/files\/2023\/05\/IMG_20230421_135712-48x36.jpg 48w\" sizes=\"(max-width: 300px) 100vw, 300px\" \/><p id=\"caption-attachment-4073\" class=\"wp-caption-text\">dav<\/p><\/div>\n<p>iva<i>.<\/i><\/p>\n","protected":false},"excerpt":{"rendered":"<p>Los alumnos de 1\u00ba Programa Espec\u00edfico de FP B\u00e1sica de Carpinter\u00eda, grupo 1CYME, han realizado la exposici\u00f3n LEERFLIX. Esta exposici\u00f3n consiste en exponer los \u00faltimos&#46;&#46;&#46;<\/p>\n","protected":false},"author":17570,"featured_media":4073,"comment_status":"closed","ping_status":"open","sticky":false,"template":"","format":"standard","meta":{"ngg_post_thumbnail":0,"footnotes":""},"categories":[1],"tags":[],"aioseo_notices":[],"_links":{"self":[{"href":"https:\/\/blogsaverroes.juntadeandalucia.es\/revistalarosaleda\/wp-json\/wp\/v2\/posts\/4072"}],"collection":[{"href":"https:\/\/blogsaverroes.juntadeandalucia.es\/revistalarosaleda\/wp-json\/wp\/v2\/posts"}],"about":[{"href":"https:\/\/blogsaverroes.juntadeandalucia.es\/revistalarosaleda\/wp-json\/wp\/v2\/types\/post"}],"author":[{"embeddable":true,"href":"https:\/\/blogsaverroes.juntadeandalucia.es\/revistalarosaleda\/wp-json\/wp\/v2\/users\/17570"}],"replies":[{"embeddable":true,"href":"https:\/\/blogsaverroes.juntadeandalucia.es\/revistalarosaleda\/wp-json\/wp\/v2\/comments?post=4072"}],"version-history":[{"count":1,"href":"https:\/\/blogsaverroes.juntadeandalucia.es\/revistalarosaleda\/wp-json\/wp\/v2\/posts\/4072\/revisions"}],"predecessor-version":[{"id":4074,"href":"https:\/\/blogsaverroes.juntadeandalucia.es\/revistalarosaleda\/wp-json\/wp\/v2\/posts\/4072\/revisions\/4074"}],"wp:featuredmedia":[{"embeddable":true,"href":"https:\/\/blogsaverroes.juntadeandalucia.es\/revistalarosaleda\/wp-json\/wp\/v2\/media\/4073"}],"wp:attachment":[{"href":"https:\/\/blogsaverroes.juntadeandalucia.es\/revistalarosaleda\/wp-json\/wp\/v2\/media?parent=4072"}],"wp:term":[{"taxonomy":"category","embeddable":true,"href":"https:\/\/blogsaverroes.juntadeandalucia.es\/revistalarosaleda\/wp-json\/wp\/v2\/categories?post=4072"},{"taxonomy":"post_tag","embeddable":true,"href":"https:\/\/blogsaverroes.juntadeandalucia.es\/revistalarosaleda\/wp-json\/wp\/v2\/tags?post=4072"}],"curies":[{"name":"wp","href":"https:\/\/api.w.org\/{rel}","templated":true}]}}