{"id":4084,"date":"2023-05-29T19:02:31","date_gmt":"2023-05-29T19:02:31","guid":{"rendered":"https:\/\/blogsaverroes.juntadeandalucia.es\/revistalarosaleda\/?p=4084"},"modified":"2023-05-29T19:02:31","modified_gmt":"2023-05-29T19:02:31","slug":"impulsa-idiomas-colabora-con-el-programa-comunica","status":"publish","type":"post","link":"https:\/\/blogsaverroes.juntadeandalucia.es\/revistalarosaleda\/2023\/05\/29\/impulsa-idiomas-colabora-con-el-programa-comunica\/","title":{"rendered":"Impulsa Idiomas colabora con el programa ComunicA"},"content":{"rendered":"<p>Desde el proyecto Impulsa Idiomas, hemos recibido a m\u00e1s de trescientos alumnos y alumnas de toda Europa y de los Estados Unidos de Am\u00e9rica, facilitando al profesorado y al alumnado de La Rosaleda el intercambio de ideas, la participaci\u00f3n en talleres&#8230;usando el ingl\u00e9s como herramienta de COMUNICACI\u00d3N.<\/p>\n<p>&nbsp;<\/p>\n<p><img decoding=\"async\" src=\"https:\/\/ieslarosaleda.com\/wp-content\/uploads\/2023\/05\/Eremenko.png\" alt=\"Blogs - IES La Rosaleda \u2013 Instituto de Ense\u00f1anza Secundaria La Rosaleda\" \/><\/p>\n","protected":false},"excerpt":{"rendered":"<p>Desde el proyecto Impulsa Idiomas, hemos recibido a m\u00e1s de trescientos alumnos y alumnas de toda Europa y de los Estados Unidos de Am\u00e9rica, facilitando&#46;&#46;&#46;<\/p>\n","protected":false},"author":17570,"featured_media":3240,"comment_status":"closed","ping_status":"open","sticky":false,"template":"","format":"standard","meta":{"ngg_post_thumbnail":0,"footnotes":""},"categories":[654],"tags":[],"aioseo_notices":[],"_links":{"self":[{"href":"https:\/\/blogsaverroes.juntadeandalucia.es\/revistalarosaleda\/wp-json\/wp\/v2\/posts\/4084"}],"collection":[{"href":"https:\/\/blogsaverroes.juntadeandalucia.es\/revistalarosaleda\/wp-json\/wp\/v2\/posts"}],"about":[{"href":"https:\/\/blogsaverroes.juntadeandalucia.es\/revistalarosaleda\/wp-json\/wp\/v2\/types\/post"}],"author":[{"embeddable":true,"href":"https:\/\/blogsaverroes.juntadeandalucia.es\/revistalarosaleda\/wp-json\/wp\/v2\/users\/17570"}],"replies":[{"embeddable":true,"href":"https:\/\/blogsaverroes.juntadeandalucia.es\/revistalarosaleda\/wp-json\/wp\/v2\/comments?post=4084"}],"version-history":[{"count":1,"href":"https:\/\/blogsaverroes.juntadeandalucia.es\/revistalarosaleda\/wp-json\/wp\/v2\/posts\/4084\/revisions"}],"predecessor-version":[{"id":4085,"href":"https:\/\/blogsaverroes.juntadeandalucia.es\/revistalarosaleda\/wp-json\/wp\/v2\/posts\/4084\/revisions\/4085"}],"wp:featuredmedia":[{"embeddable":true,"href":"https:\/\/blogsaverroes.juntadeandalucia.es\/revistalarosaleda\/wp-json\/wp\/v2\/media\/3240"}],"wp:attachment":[{"href":"https:\/\/blogsaverroes.juntadeandalucia.es\/revistalarosaleda\/wp-json\/wp\/v2\/media?parent=4084"}],"wp:term":[{"taxonomy":"category","embeddable":true,"href":"https:\/\/blogsaverroes.juntadeandalucia.es\/revistalarosaleda\/wp-json\/wp\/v2\/categories?post=4084"},{"taxonomy":"post_tag","embeddable":true,"href":"https:\/\/blogsaverroes.juntadeandalucia.es\/revistalarosaleda\/wp-json\/wp\/v2\/tags?post=4084"}],"curies":[{"name":"wp","href":"https:\/\/api.w.org\/{rel}","templated":true}]}}