{"id":4102,"date":"2023-12-01T12:36:12","date_gmt":"2023-12-01T12:36:12","guid":{"rendered":"https:\/\/blogsaverroes.juntadeandalucia.es\/revistalarosaleda\/?p=4102"},"modified":"2023-12-01T12:39:23","modified_gmt":"2023-12-01T12:39:23","slug":"sara-lima-campeona-de-la-i-competicion-de-futuros-profesionales-de-maquinaria-y-elevacion","status":"publish","type":"post","link":"https:\/\/blogsaverroes.juntadeandalucia.es\/revistalarosaleda\/2023\/12\/01\/sara-lima-campeona-de-la-i-competicion-de-futuros-profesionales-de-maquinaria-y-elevacion\/","title":{"rendered":"Sara Lima, campeona de la I Competici\u00f3n de Futuros Profesionales de Maquinaria y Elevaci\u00f3n"},"content":{"rendered":"<p>El pasado 25 de noviembre nuestra alumna <strong>Sara Lima<\/strong> consigui\u00f3 <strong>medalla de oro<\/strong> en la <strong>I Competici\u00f3n de Futuros Profesionales de Maquinaria y Elevaci\u00f3n<\/strong>. Nos sentimos muy orgullosos y queremos darle la enhorabuena por este merecid\u00edsimo reconocimiento. <strong>\u00a1Felicidades, Sara!<\/strong><\/p>\n<p><strong>\u00a1Enhorabuena tambi\u00e9n al equipo del Departamento de Transporte y Mantenimiento de Veh\u00edculos<\/strong> por su labor formando profesionales, que competici\u00f3n tras competici\u00f3n demuestran estar en los niveles m\u00e1s exigentes!&nbsp;\u00a1Gracias por vuestra gran dedicaci\u00f3n y pasi\u00f3n por ense\u00f1ar!<\/p>\n<p>Pod\u00e9is leer toda la informaci\u00f3n sobre esta competici\u00f3n aqu\u00ed:<\/p>\n<p><iframe loading=\"lazy\" src=\"https:\/\/drive.google.com\/file\/d\/1KSmv8pPSnmvJQYijv5QBHghLAL7FTOp3\/preview\" width=\"1000\" height=\"480\"><span data-mce-type=\"bookmark\" style=\"width: 0px;overflow: hidden;line-height: 0\" class=\"mce_SELRES_start\">\ufeff<\/span><\/iframe>&nbsp;<\/p>\n","protected":false},"excerpt":{"rendered":"<p>El pasado 25 de noviembre nuestra alumna Sara Lima consigui\u00f3 medalla de oro en la I Competici\u00f3n de Futuros Profesionales de Maquinaria y Elevaci\u00f3n. Nos&#46;&#46;&#46;<\/p>\n","protected":false},"author":10486,"featured_media":4103,"comment_status":"closed","ping_status":"open","sticky":false,"template":"","format":"standard","meta":{"ngg_post_thumbnail":0,"footnotes":""},"categories":[643],"tags":[],"aioseo_notices":[],"_links":{"self":[{"href":"https:\/\/blogsaverroes.juntadeandalucia.es\/revistalarosaleda\/wp-json\/wp\/v2\/posts\/4102"}],"collection":[{"href":"https:\/\/blogsaverroes.juntadeandalucia.es\/revistalarosaleda\/wp-json\/wp\/v2\/posts"}],"about":[{"href":"https:\/\/blogsaverroes.juntadeandalucia.es\/revistalarosaleda\/wp-json\/wp\/v2\/types\/post"}],"author":[{"embeddable":true,"href":"https:\/\/blogsaverroes.juntadeandalucia.es\/revistalarosaleda\/wp-json\/wp\/v2\/users\/10486"}],"replies":[{"embeddable":true,"href":"https:\/\/blogsaverroes.juntadeandalucia.es\/revistalarosaleda\/wp-json\/wp\/v2\/comments?post=4102"}],"version-history":[{"count":1,"href":"https:\/\/blogsaverroes.juntadeandalucia.es\/revistalarosaleda\/wp-json\/wp\/v2\/posts\/4102\/revisions"}],"predecessor-version":[{"id":4104,"href":"https:\/\/blogsaverroes.juntadeandalucia.es\/revistalarosaleda\/wp-json\/wp\/v2\/posts\/4102\/revisions\/4104"}],"wp:featuredmedia":[{"embeddable":true,"href":"https:\/\/blogsaverroes.juntadeandalucia.es\/revistalarosaleda\/wp-json\/wp\/v2\/media\/4103"}],"wp:attachment":[{"href":"https:\/\/blogsaverroes.juntadeandalucia.es\/revistalarosaleda\/wp-json\/wp\/v2\/media?parent=4102"}],"wp:term":[{"taxonomy":"category","embeddable":true,"href":"https:\/\/blogsaverroes.juntadeandalucia.es\/revistalarosaleda\/wp-json\/wp\/v2\/categories?post=4102"},{"taxonomy":"post_tag","embeddable":true,"href":"https:\/\/blogsaverroes.juntadeandalucia.es\/revistalarosaleda\/wp-json\/wp\/v2\/tags?post=4102"}],"curies":[{"name":"wp","href":"https:\/\/api.w.org\/{rel}","templated":true}]}}