{"id":4113,"date":"2024-04-09T11:21:02","date_gmt":"2024-04-09T11:21:02","guid":{"rendered":"https:\/\/blogsaverroes.juntadeandalucia.es\/revistalarosaleda\/?p=4113"},"modified":"2024-04-09T11:43:23","modified_gmt":"2024-04-09T11:43:23","slug":"participamos-en-el-iv-concurso-de-podcast-escolar-organizado-por-rtve","status":"publish","type":"post","link":"https:\/\/blogsaverroes.juntadeandalucia.es\/revistalarosaleda\/2024\/04\/09\/participamos-en-el-iv-concurso-de-podcast-escolar-organizado-por-rtve\/","title":{"rendered":"\u00a1Participamos en el IV Concurso de podcast escolar organizado por RTVE!"},"content":{"rendered":"<div><a href=\"https:\/\/blogsaverroes.juntadeandalucia.es\/revistalarosaleda\/files\/2024\/04\/Dise\u00f1o-sin-t\u00edtulo-6.jpg\"><img loading=\"lazy\" decoding=\"async\" class=\"wp-image-4116 size-medium alignleft\" src=\"https:\/\/blogsaverroes.juntadeandalucia.es\/revistalarosaleda\/files\/2024\/04\/Dise\u00f1o-sin-t\u00edtulo-6-300x300.jpg\" alt=\"\" width=\"300\" height=\"300\" srcset=\"https:\/\/blogsaverroes.juntadeandalucia.es\/revistalarosaleda\/files\/2024\/04\/Dise\u00f1o-sin-t\u00edtulo-6-300x300.jpg 300w, https:\/\/blogsaverroes.juntadeandalucia.es\/revistalarosaleda\/files\/2024\/04\/Dise\u00f1o-sin-t\u00edtulo-6-1024x1024.jpg 1024w, https:\/\/blogsaverroes.juntadeandalucia.es\/revistalarosaleda\/files\/2024\/04\/Dise\u00f1o-sin-t\u00edtulo-6-150x150.jpg 150w, https:\/\/blogsaverroes.juntadeandalucia.es\/revistalarosaleda\/files\/2024\/04\/Dise\u00f1o-sin-t\u00edtulo-6-768x768.jpg 768w, https:\/\/blogsaverroes.juntadeandalucia.es\/revistalarosaleda\/files\/2024\/04\/Dise\u00f1o-sin-t\u00edtulo-6-1536x1536.jpg 1536w, https:\/\/blogsaverroes.juntadeandalucia.es\/revistalarosaleda\/files\/2024\/04\/Dise\u00f1o-sin-t\u00edtulo-6-80x80.jpg 80w, https:\/\/blogsaverroes.juntadeandalucia.es\/revistalarosaleda\/files\/2024\/04\/Dise\u00f1o-sin-t\u00edtulo-6-320x320.jpg 320w, https:\/\/blogsaverroes.juntadeandalucia.es\/revistalarosaleda\/files\/2024\/04\/Dise\u00f1o-sin-t\u00edtulo-6-24x24.jpg 24w, https:\/\/blogsaverroes.juntadeandalucia.es\/revistalarosaleda\/files\/2024\/04\/Dise\u00f1o-sin-t\u00edtulo-6-36x36.jpg 36w, https:\/\/blogsaverroes.juntadeandalucia.es\/revistalarosaleda\/files\/2024\/04\/Dise\u00f1o-sin-t\u00edtulo-6-48x48.jpg 48w, https:\/\/blogsaverroes.juntadeandalucia.es\/revistalarosaleda\/files\/2024\/04\/Dise\u00f1o-sin-t\u00edtulo-6.jpg 1920w\" sizes=\"(max-width: 300px) 100vw, 300px\" \/><\/a><\/div>\n<div>&nbsp;<\/div>\n<div>Nuestro alumnado de 1\u00ba de bachillerato de humanidades y Ciencias Sociales (1BHS1), en el contexto de la materia de Historia del -mundo Contempor\u00e1neo, se ha presentado al IV Concurso de Podcast escolar organizado por RTVE con el siguiente trabajo:<\/div>\n<div>&nbsp;<\/div>\n<div><a href=\"https:\/\/www.eloquenze.com\/stations\/iv-concurso-de-podcast-escolar\/posts\/el-voto-femenino\">Podcast \u00abEl Movimiento Sufragista. 90 a\u00f1os del voto femenino en Espa\u00f1a\u00bb<\/a><\/div>\n<div>&nbsp;<\/div>\n<div>Se trata de un episodio espec\u00edfico de ONDA VIOLETA ROSALEDA, realizado con motivo del 8 de marzo, en el que hemos querido hacer visible el movimiento sufragista, y en concreto su repercusi\u00f3n en Espa\u00f1a, que culmin\u00f3 en noviembre de 1933, cuando la mujer ejerci\u00f3 por primera vez en nuestro pa\u00eds el derecho a voto. De esta fecha se han cumplido hace unos meses 90 a\u00f1os.<\/div>\n<div>&nbsp;<\/div>\n<div>\u00a1Esperamos que lo disfrut\u00e9is mucho! \u00a1Dale difusi\u00f3n y visibilidad!&nbsp;<\/div>\n","protected":false},"excerpt":{"rendered":"<p>&nbsp; Nuestro alumnado de 1\u00ba de bachillerato de humanidades y Ciencias Sociales (1BHS1), en el contexto de la materia de Historia del -mundo Contempor\u00e1neo, se&#46;&#46;&#46;<\/p>\n","protected":false},"author":10486,"featured_media":4114,"comment_status":"closed","ping_status":"open","sticky":false,"template":"","format":"standard","meta":{"ngg_post_thumbnail":0,"footnotes":""},"categories":[630,632,643],"tags":[],"aioseo_notices":[],"_links":{"self":[{"href":"https:\/\/blogsaverroes.juntadeandalucia.es\/revistalarosaleda\/wp-json\/wp\/v2\/posts\/4113"}],"collection":[{"href":"https:\/\/blogsaverroes.juntadeandalucia.es\/revistalarosaleda\/wp-json\/wp\/v2\/posts"}],"about":[{"href":"https:\/\/blogsaverroes.juntadeandalucia.es\/revistalarosaleda\/wp-json\/wp\/v2\/types\/post"}],"author":[{"embeddable":true,"href":"https:\/\/blogsaverroes.juntadeandalucia.es\/revistalarosaleda\/wp-json\/wp\/v2\/users\/10486"}],"replies":[{"embeddable":true,"href":"https:\/\/blogsaverroes.juntadeandalucia.es\/revistalarosaleda\/wp-json\/wp\/v2\/comments?post=4113"}],"version-history":[{"count":4,"href":"https:\/\/blogsaverroes.juntadeandalucia.es\/revistalarosaleda\/wp-json\/wp\/v2\/posts\/4113\/revisions"}],"predecessor-version":[{"id":4119,"href":"https:\/\/blogsaverroes.juntadeandalucia.es\/revistalarosaleda\/wp-json\/wp\/v2\/posts\/4113\/revisions\/4119"}],"wp:featuredmedia":[{"embeddable":true,"href":"https:\/\/blogsaverroes.juntadeandalucia.es\/revistalarosaleda\/wp-json\/wp\/v2\/media\/4114"}],"wp:attachment":[{"href":"https:\/\/blogsaverroes.juntadeandalucia.es\/revistalarosaleda\/wp-json\/wp\/v2\/media?parent=4113"}],"wp:term":[{"taxonomy":"category","embeddable":true,"href":"https:\/\/blogsaverroes.juntadeandalucia.es\/revistalarosaleda\/wp-json\/wp\/v2\/categories?post=4113"},{"taxonomy":"post_tag","embeddable":true,"href":"https:\/\/blogsaverroes.juntadeandalucia.es\/revistalarosaleda\/wp-json\/wp\/v2\/tags?post=4113"}],"curies":[{"name":"wp","href":"https:\/\/api.w.org\/{rel}","templated":true}]}}