{"id":2492,"date":"2018-04-27T21:03:21","date_gmt":"2018-04-27T19:03:21","guid":{"rendered":"http:\/\/blogsaverroes.juntadeandalucia.es\/reyescatolicospuertoreal\/?p=2492"},"modified":"2018-06-04T03:19:41","modified_gmt":"2018-06-04T01:19:41","slug":"teatro-las-estrellas-de-los-libros","status":"publish","type":"post","link":"https:\/\/blogsaverroes.juntadeandalucia.es\/reyescatolicospuertoreal\/teatro-las-estrellas-de-los-libros\/","title":{"rendered":"\u00a1TEATRO! Las estrellas de los libros"},"content":{"rendered":"<p>Divertida y apasionante jornada de teatro. Representaci\u00f3n de una obra adaptada por la maestra de nuestro centro M\u00aa. \u00c1ngeles Gonz\u00e1lez Ortega. Representada por estrellas de la interpretaci\u00f3n, miembros del AMPA. Colaboraci\u00f3n de la comisi\u00f3n de biblioteca y d\u00eda del libro.<\/p>\n<p>\u00a1Gracias a todos!<img loading=\"lazy\" decoding=\"async\" class=\"alignnone size-thumbnail wp-image-2493\" src=\"https:\/\/blogsaverroes.juntadeandalucia.es\/reyescatolicospuertoreal\/files\/2018\/04\/teatro6-150x150.jpg\" alt=\"\" width=\"150\" height=\"150\" srcset=\"https:\/\/blogsaverroes.juntadeandalucia.es\/reyescatolicospuertoreal\/files\/2018\/04\/teatro6-150x150.jpg 150w, https:\/\/blogsaverroes.juntadeandalucia.es\/reyescatolicospuertoreal\/files\/2018\/04\/teatro6-100x100.jpg 100w, https:\/\/blogsaverroes.juntadeandalucia.es\/reyescatolicospuertoreal\/files\/2018\/04\/teatro6-432x432.jpg 432w, https:\/\/blogsaverroes.juntadeandalucia.es\/reyescatolicospuertoreal\/files\/2018\/04\/teatro6-268x268.jpg 268w\" sizes=\"(max-width: 150px) 100vw, 150px\" \/> <img loading=\"lazy\" decoding=\"async\" class=\"alignnone size-thumbnail wp-image-2494\" src=\"https:\/\/blogsaverroes.juntadeandalucia.es\/reyescatolicospuertoreal\/files\/2018\/04\/Teatro2-150x150.jpg\" alt=\"\" width=\"150\" height=\"150\" srcset=\"https:\/\/blogsaverroes.juntadeandalucia.es\/reyescatolicospuertoreal\/files\/2018\/04\/Teatro2-150x150.jpg 150w, https:\/\/blogsaverroes.juntadeandalucia.es\/reyescatolicospuertoreal\/files\/2018\/04\/Teatro2-100x100.jpg 100w, https:\/\/blogsaverroes.juntadeandalucia.es\/reyescatolicospuertoreal\/files\/2018\/04\/Teatro2-432x432.jpg 432w, https:\/\/blogsaverroes.juntadeandalucia.es\/reyescatolicospuertoreal\/files\/2018\/04\/Teatro2-268x268.jpg 268w\" sizes=\"(max-width: 150px) 100vw, 150px\" \/> <img loading=\"lazy\" decoding=\"async\" class=\"alignnone size-thumbnail wp-image-2495\" src=\"https:\/\/blogsaverroes.juntadeandalucia.es\/reyescatolicospuertoreal\/files\/2018\/04\/teatro1-150x150.jpg\" alt=\"\" width=\"150\" height=\"150\" srcset=\"https:\/\/blogsaverroes.juntadeandalucia.es\/reyescatolicospuertoreal\/files\/2018\/04\/teatro1-150x150.jpg 150w, https:\/\/blogsaverroes.juntadeandalucia.es\/reyescatolicospuertoreal\/files\/2018\/04\/teatro1-100x100.jpg 100w, https:\/\/blogsaverroes.juntadeandalucia.es\/reyescatolicospuertoreal\/files\/2018\/04\/teatro1-432x432.jpg 432w, https:\/\/blogsaverroes.juntadeandalucia.es\/reyescatolicospuertoreal\/files\/2018\/04\/teatro1-268x268.jpg 268w\" sizes=\"(max-width: 150px) 100vw, 150px\" \/> <img loading=\"lazy\" decoding=\"async\" class=\"alignnone size-thumbnail wp-image-2496\" src=\"https:\/\/blogsaverroes.juntadeandalucia.es\/reyescatolicospuertoreal\/files\/2018\/04\/teatro5-150x150.jpg\" alt=\"\" width=\"150\" height=\"150\" srcset=\"https:\/\/blogsaverroes.juntadeandalucia.es\/reyescatolicospuertoreal\/files\/2018\/04\/teatro5-150x150.jpg 150w, https:\/\/blogsaverroes.juntadeandalucia.es\/reyescatolicospuertoreal\/files\/2018\/04\/teatro5-100x100.jpg 100w, https:\/\/blogsaverroes.juntadeandalucia.es\/reyescatolicospuertoreal\/files\/2018\/04\/teatro5-432x432.jpg 432w, https:\/\/blogsaverroes.juntadeandalucia.es\/reyescatolicospuertoreal\/files\/2018\/04\/teatro5-268x268.jpg 268w\" sizes=\"(max-width: 150px) 100vw, 150px\" \/> <img loading=\"lazy\" decoding=\"async\" class=\"alignnone size-thumbnail wp-image-2497\" src=\"https:\/\/blogsaverroes.juntadeandalucia.es\/reyescatolicospuertoreal\/files\/2018\/04\/teatro4-150x150.jpg\" alt=\"\" width=\"150\" height=\"150\" srcset=\"https:\/\/blogsaverroes.juntadeandalucia.es\/reyescatolicospuertoreal\/files\/2018\/04\/teatro4-150x150.jpg 150w, https:\/\/blogsaverroes.juntadeandalucia.es\/reyescatolicospuertoreal\/files\/2018\/04\/teatro4-100x100.jpg 100w, https:\/\/blogsaverroes.juntadeandalucia.es\/reyescatolicospuertoreal\/files\/2018\/04\/teatro4-432x432.jpg 432w, https:\/\/blogsaverroes.juntadeandalucia.es\/reyescatolicospuertoreal\/files\/2018\/04\/teatro4-268x268.jpg 268w\" sizes=\"(max-width: 150px) 100vw, 150px\" \/><\/p>\n","protected":false},"excerpt":{"rendered":"<p>Divertida y apasionante jornada de teatro. Representaci\u00f3n de una obra adaptada por la maestra de nuestro centro M\u00aa. \u00c1ngeles Gonz\u00e1lez Ortega. Representada por estrellas de la interpretaci\u00f3n, miembros del AMPA. Colaboraci\u00f3n de la comisi\u00f3n&#46;&#46;&#46;<\/p>\n","protected":false},"author":3561,"featured_media":2497,"comment_status":"open","ping_status":"open","sticky":false,"template":"","format":"standard","meta":{"ngg_post_thumbnail":0,"footnotes":""},"categories":[5991,213,1696],"tags":[],"aioseo_notices":[],"_links":{"self":[{"href":"https:\/\/blogsaverroes.juntadeandalucia.es\/reyescatolicospuertoreal\/wp-json\/wp\/v2\/posts\/2492"}],"collection":[{"href":"https:\/\/blogsaverroes.juntadeandalucia.es\/reyescatolicospuertoreal\/wp-json\/wp\/v2\/posts"}],"about":[{"href":"https:\/\/blogsaverroes.juntadeandalucia.es\/reyescatolicospuertoreal\/wp-json\/wp\/v2\/types\/post"}],"author":[{"embeddable":true,"href":"https:\/\/blogsaverroes.juntadeandalucia.es\/reyescatolicospuertoreal\/wp-json\/wp\/v2\/users\/3561"}],"replies":[{"embeddable":true,"href":"https:\/\/blogsaverroes.juntadeandalucia.es\/reyescatolicospuertoreal\/wp-json\/wp\/v2\/comments?post=2492"}],"version-history":[{"count":1,"href":"https:\/\/blogsaverroes.juntadeandalucia.es\/reyescatolicospuertoreal\/wp-json\/wp\/v2\/posts\/2492\/revisions"}],"predecessor-version":[{"id":2498,"href":"https:\/\/blogsaverroes.juntadeandalucia.es\/reyescatolicospuertoreal\/wp-json\/wp\/v2\/posts\/2492\/revisions\/2498"}],"wp:featuredmedia":[{"embeddable":true,"href":"https:\/\/blogsaverroes.juntadeandalucia.es\/reyescatolicospuertoreal\/wp-json\/wp\/v2\/media\/2497"}],"wp:attachment":[{"href":"https:\/\/blogsaverroes.juntadeandalucia.es\/reyescatolicospuertoreal\/wp-json\/wp\/v2\/media?parent=2492"}],"wp:term":[{"taxonomy":"category","embeddable":true,"href":"https:\/\/blogsaverroes.juntadeandalucia.es\/reyescatolicospuertoreal\/wp-json\/wp\/v2\/categories?post=2492"},{"taxonomy":"post_tag","embeddable":true,"href":"https:\/\/blogsaverroes.juntadeandalucia.es\/reyescatolicospuertoreal\/wp-json\/wp\/v2\/tags?post=2492"}],"curies":[{"name":"wp","href":"https:\/\/api.w.org\/{rel}","templated":true}]}}