{"id":192,"date":"2020-11-06T13:33:00","date_gmt":"2020-11-06T12:33:00","guid":{"rendered":"https:\/\/blogsaverroes.juntadeandalucia.es\/rociof\/2020\/11\/06\/viernes-hora-de-plastica-2\/"},"modified":"2020-11-06T13:33:00","modified_gmt":"2020-11-06T12:33:00","slug":"viernes-hora-de-plastica-2","status":"publish","type":"post","link":"https:\/\/blogsaverroes.juntadeandalucia.es\/rociof\/2020\/11\/06\/viernes-hora-de-plastica-2\/","title":{"rendered":"VIERNES: HORA DE PL\u00c1STICA"},"content":{"rendered":"<h1 style=\"text-align: center\">&nbsp;<span style=\"font-family: courier;font-size: large\"><span style=\"background-color: white;color: #444444\">&nbsp;<\/span><u><span style=\"background-color: white\">E<\/span><span style=\"background-color: white\">lementos b\u00e1sicos de expresi\u00f3n pl\u00e1stica:&nbsp;<\/span><\/u><\/span><\/h1>\n<h1 style=\"text-align: center\"><span style=\"background-color: white;color: #800180;font-family: courier;font-size: x-large\">El punto, la l\u00ednea, el plano, la textura y el color.<\/span><\/h1>\n<div>\n<div style=\"clear: both;text-align: center\"><a href=\"https:\/\/1.bp.blogspot.com\/-RWc0fWcToa0\/X6Vp9UY-ioI\/AAAAAAAACqQ\/jPeq8PWmARAPsxzbjNctLKS89Nbh2qf8gCLcBGAsYHQ\/s398\/8817C893-3A05-4848-AE5C-EC426630017F.jpeg\" style=\"margin-left: 1em;margin-right: 1em\"><img decoding=\"async\" border=\"0\" data-original-height=\"398\" data-original-width=\"398\" height=\"320\" src=\"https:\/\/1.bp.blogspot.com\/-RWc0fWcToa0\/X6Vp9UY-ioI\/AAAAAAAACqQ\/jPeq8PWmARAPsxzbjNctLKS89Nbh2qf8gCLcBGAsYHQ\/s320\/8817C893-3A05-4848-AE5C-EC426630017F.jpeg\" \/><\/a><\/div>\n<p><span style=\"background-color: white;color: #800180;font-family: courier;font-size: x-large\"><br \/><\/span><\/div>\n<div><span style=\"font-family: courier\">Hoy, os voy a hacer una propuesta muy chula para trabajar con los <u>elementos b\u00e1sicos de la expresi\u00f3n pl\u00e1stica<\/u>. Vamos a ver varios ejemplos:<\/span><\/div>\n<div><span style=\"font-family: courier\"><br \/><\/span><\/div>\n<div><span style=\"font-family: courier\">\ud83d\udc49<a href=\"https:\/\/dibujaenillueca.wordpress.com\/2014\/02\/06\/elementos-basicos-de-expresion-plastica\/\">EJEMPLOS DE&nbsp;<\/a>DISE\u00d1OS ELABORADOS POR ALUMNOS&nbsp;<br \/><\/span><\/div>\n<div><\/div>\n<div><span style=\"font-family: courier\">Nosotros vamos a trabajar con los elementos b\u00e1sicos sobre un mismo dibujo que os voy a dar fotocopiado. Este es un ejemplo que hizo un alumno de 2\u00ba de la ESO.<\/span><\/div>\n<div><span style=\"font-family: courier\"><br \/><\/span><\/div>\n<div><span style=\"font-family: courier\"><br \/><\/span><\/div>\n<div>&nbsp; &nbsp; &nbsp; &nbsp; &nbsp; &nbsp; &nbsp; &nbsp; &nbsp; &nbsp; &nbsp; &nbsp; &nbsp; &nbsp;<a href=\"https:\/\/1.bp.blogspot.com\/-aKDIBXoLRAE\/X5_ssva-ywI\/AAAAAAAACn8\/qn_iIksE4nwNbegEz_AG8Kdd1E_vhnCYQCLcBGAsYHQ\/s1376\/expresvidad-punto_lc3adnea_mancha_2c2ba-eso-41.jpg\" style=\"margin-left: 1em;margin-right: 1em;text-align: center\"><img decoding=\"async\" border=\"0\" data-original-height=\"869\" data-original-width=\"1376\" src=\"https:\/\/1.bp.blogspot.com\/-aKDIBXoLRAE\/X5_ssva-ywI\/AAAAAAAACn8\/qn_iIksE4nwNbegEz_AG8Kdd1E_vhnCYQCLcBGAsYHQ\/s320\/expresvidad-punto_lc3adnea_mancha_2c2ba-eso-41.jpg\" width=\"320\" \/><\/a><\/div>\n<div><\/div>\n<div><span style=\"font-family: courier\">Las <b><u>instrucciones<\/u><\/b> son las siguientes:<\/span><\/div>\n<div><span style=\"font-family: courier\"><br \/><\/span><\/div>\n<div><span style=\"font-family: courier\">&#8211; Dividir\u00e1s en tercios el dibujo. Presta atenci\u00f3n a las recomendaciones que te voy a dar para hacerlo bien.&nbsp;<\/span><\/div>\n<div><span style=\"font-family: courier\"><br \/><\/span><\/div>\n<div><span style=\"font-family: courier\">&#8211; <b>Elabora en tu mente un PLAN<\/b>: deber\u00e1s decidir c\u00f3mo vas a hacer cada parte y los colores que vas a usar en el dise\u00f1o.<\/span><\/div>\n<div><span style=\"font-family: courier\"><br \/><\/span><\/div>\n<div><span style=\"font-family: courier\"><b><u>OBLIGATORIO: (Lee muy bien esta parte&#8230;)<\/u><\/b><\/span><\/div>\n<div><span style=\"font-family: courier\"><b><u><br \/><\/u><\/b><\/span><\/div>\n<div><span style=\"font-family: courier\">&#8211; La parte trabajada con el punto (puntillismo), se har\u00e1 con rotulador.<\/span><\/div>\n<div><span style=\"font-family: courier\"><br \/><\/span><\/div>\n<div><span style=\"font-family: courier\">&#8211; La parte trabajada con la l\u00ednea, que no tienen por qu\u00e9 ser rectas, se har\u00e1 tambi\u00e9n con rotulador.<\/span><\/div>\n<div><span style=\"font-family: courier\"><br \/><\/span><\/div>\n<div><span style=\"font-family: courier\">&#8211; La parte trabajada con planos, se har\u00e1 con l\u00e1piz de madera o cera.<\/span><\/div>\n<div><span style=\"font-family: courier\"><br \/><\/span><\/div>\n<div><span style=\"font-family: courier\">La imagen que vas a dise\u00f1ar ser\u00e1 la siguiente:<\/span><\/div>\n<div><span style=\"font-family: courier\"><br \/><\/span><\/div>\n<div>\n<div style=\"clear: both;text-align: center\"><\/div>\n<p><\/p>\n<div style=\"clear: both;text-align: center\"><a href=\"https:\/\/1.bp.blogspot.com\/-BQj3rD2ItVM\/X5_sskDqNqI\/AAAAAAAACn4\/6KqUs0GUpX4VKm1dphYN2dHkOU9HJn9KwCLcBGAsYHQ\/s1600\/paisajes-para-pintar-3%2B%25281%2529.jpg\" style=\"margin-left: 1em;margin-right: 1em\"><img decoding=\"async\" border=\"0\" data-original-height=\"1200\" data-original-width=\"1600\" src=\"https:\/\/1.bp.blogspot.com\/-BQj3rD2ItVM\/X5_sskDqNqI\/AAAAAAAACn4\/6KqUs0GUpX4VKm1dphYN2dHkOU9HJn9KwCLcBGAsYHQ\/s320\/paisajes-para-pintar-3%2B%25281%2529.jpg\" width=\"320\" \/><\/a><\/div>\n<div style=\"clear: both;text-align: center\"><\/div>\n<div style=\"clear: both;text-align: center\"><span style=\"font-family: courier\"><br \/><\/span><\/div>\n<div style=\"clear: both;text-align: center\"><span style=\"font-family: courier\">Te muestro un ejemplo de c\u00f3mo puede dise\u00f1arse&#8230; Pero para gusto&#8230;<\/span><\/div>\n<p><\/p>\n<div style=\"clear: both;text-align: center\"><a href=\"https:\/\/1.bp.blogspot.com\/-bcnUjDEgQBA\/X5_ssjejXEI\/AAAAAAAACn0\/C1h0gN_zIR4J1A0TRCFTtDufsAKb37FcACLcBGAsYHQ\/s564\/PUNTILL.jpg\" style=\"margin-left: 1em;margin-right: 1em\"><img decoding=\"async\" border=\"0\" data-original-height=\"415\" data-original-width=\"564\" src=\"https:\/\/1.bp.blogspot.com\/-bcnUjDEgQBA\/X5_ssjejXEI\/AAAAAAAACn0\/C1h0gN_zIR4J1A0TRCFTtDufsAKb37FcACLcBGAsYHQ\/s320\/PUNTILL.jpg\" width=\"320\" \/><\/a><\/div>\n<p><span style=\"font-family: courier\"><br \/><\/span><\/div>\n","protected":false},"excerpt":{"rendered":"<p>&nbsp;&nbsp;Elementos b\u00e1sicos de expresi\u00f3n pl\u00e1stica:&nbsp; El punto, la l\u00ednea, el plano, la textura y el color. Hoy, os voy a hacer una propuesta muy chula para trabajar con los elementos b\u00e1sicos de la expresi\u00f3n pl\u00e1stica. Vamos a ver varios ejemplos:&#46;&#46;&#46;<\/p>\n","protected":false},"author":7890,"featured_media":0,"comment_status":"open","ping_status":"open","sticky":false,"template":"","format":"standard","meta":{"ngg_post_thumbnail":0,"footnotes":""},"categories":[11920],"tags":[],"aioseo_notices":[],"_links":{"self":[{"href":"https:\/\/blogsaverroes.juntadeandalucia.es\/rociof\/wp-json\/wp\/v2\/posts\/192"}],"collection":[{"href":"https:\/\/blogsaverroes.juntadeandalucia.es\/rociof\/wp-json\/wp\/v2\/posts"}],"about":[{"href":"https:\/\/blogsaverroes.juntadeandalucia.es\/rociof\/wp-json\/wp\/v2\/types\/post"}],"author":[{"embeddable":true,"href":"https:\/\/blogsaverroes.juntadeandalucia.es\/rociof\/wp-json\/wp\/v2\/users\/7890"}],"replies":[{"embeddable":true,"href":"https:\/\/blogsaverroes.juntadeandalucia.es\/rociof\/wp-json\/wp\/v2\/comments?post=192"}],"version-history":[{"count":0,"href":"https:\/\/blogsaverroes.juntadeandalucia.es\/rociof\/wp-json\/wp\/v2\/posts\/192\/revisions"}],"wp:attachment":[{"href":"https:\/\/blogsaverroes.juntadeandalucia.es\/rociof\/wp-json\/wp\/v2\/media?parent=192"}],"wp:term":[{"taxonomy":"category","embeddable":true,"href":"https:\/\/blogsaverroes.juntadeandalucia.es\/rociof\/wp-json\/wp\/v2\/categories?post=192"},{"taxonomy":"post_tag","embeddable":true,"href":"https:\/\/blogsaverroes.juntadeandalucia.es\/rociof\/wp-json\/wp\/v2\/tags?post=192"}],"curies":[{"name":"wp","href":"https:\/\/api.w.org\/{rel}","templated":true}]}}