{"id":56,"date":"2024-05-26T15:14:48","date_gmt":"2024-05-26T15:14:48","guid":{"rendered":"https:\/\/blogsaverroes.juntadeandalucia.es\/rvag12\/?p=56"},"modified":"2024-05-26T15:14:48","modified_gmt":"2024-05-26T15:14:48","slug":"v-semana-de-la-ciencia","status":"publish","type":"post","link":"https:\/\/blogsaverroes.juntadeandalucia.es\/rvag12\/2024\/05\/26\/v-semana-de-la-ciencia\/","title":{"rendered":"V Semana de la Ciencia"},"content":{"rendered":"<p>Los alumnos de 1\u00b0 de bachillerato, expusieron en el stand de F\u00edsica y qu\u00edmica al resto de compa\u00f1eros de ESO, una serie de experiencias relacionadas con el medio ambiente.<\/p>\n<p>&nbsp; &nbsp; &nbsp; &nbsp; &nbsp; &nbsp; &nbsp; &nbsp;<img loading=\"lazy\" decoding=\"async\" class=\"alignnone size-medium wp-image-58\" src=\"https:\/\/blogsaverroes.juntadeandalucia.es\/rvag12\/files\/2024\/05\/IMG_20240526_170427-300x225.jpg\" alt=\"Semana ciencia\" width=\"300\" height=\"225\" srcset=\"https:\/\/blogsaverroes.juntadeandalucia.es\/rvag12\/files\/2024\/05\/IMG_20240526_170427-300x225.jpg 300w, https:\/\/blogsaverroes.juntadeandalucia.es\/rvag12\/files\/2024\/05\/IMG_20240526_170427-1024x768.jpg 1024w, https:\/\/blogsaverroes.juntadeandalucia.es\/rvag12\/files\/2024\/05\/IMG_20240526_170427-768x576.jpg 768w, https:\/\/blogsaverroes.juntadeandalucia.es\/rvag12\/files\/2024\/05\/IMG_20240526_170427-1536x1152.jpg 1536w, https:\/\/blogsaverroes.juntadeandalucia.es\/rvag12\/files\/2024\/05\/IMG_20240526_170427-2048x1536.jpg 2048w\" sizes=\"(max-width: 300px) 100vw, 300px\" \/> <img loading=\"lazy\" decoding=\"async\" class=\"alignnone size-medium wp-image-59\" src=\"https:\/\/blogsaverroes.juntadeandalucia.es\/rvag12\/files\/2024\/05\/IMG_20240526_170445-225x300.jpg\" alt=\"\" width=\"225\" height=\"300\" srcset=\"https:\/\/blogsaverroes.juntadeandalucia.es\/rvag12\/files\/2024\/05\/IMG_20240526_170445-225x300.jpg 225w, https:\/\/blogsaverroes.juntadeandalucia.es\/rvag12\/files\/2024\/05\/IMG_20240526_170445-768x1024.jpg 768w, https:\/\/blogsaverroes.juntadeandalucia.es\/rvag12\/files\/2024\/05\/IMG_20240526_170445-1152x1536.jpg 1152w, https:\/\/blogsaverroes.juntadeandalucia.es\/rvag12\/files\/2024\/05\/IMG_20240526_170445-1536x2048.jpg 1536w, https:\/\/blogsaverroes.juntadeandalucia.es\/rvag12\/files\/2024\/05\/IMG_20240526_170445-scaled.jpg 1920w\" sizes=\"(max-width: 225px) 100vw, 225px\" \/> <img loading=\"lazy\" decoding=\"async\" class=\"alignnone size-medium wp-image-60\" src=\"https:\/\/blogsaverroes.juntadeandalucia.es\/rvag12\/files\/2024\/05\/IMG_20240526_170551-225x300.jpg\" alt=\"\" width=\"225\" height=\"300\" srcset=\"https:\/\/blogsaverroes.juntadeandalucia.es\/rvag12\/files\/2024\/05\/IMG_20240526_170551-225x300.jpg 225w, https:\/\/blogsaverroes.juntadeandalucia.es\/rvag12\/files\/2024\/05\/IMG_20240526_170551-768x1024.jpg 768w, https:\/\/blogsaverroes.juntadeandalucia.es\/rvag12\/files\/2024\/05\/IMG_20240526_170551-1152x1536.jpg 1152w, https:\/\/blogsaverroes.juntadeandalucia.es\/rvag12\/files\/2024\/05\/IMG_20240526_170551-1536x2048.jpg 1536w, https:\/\/blogsaverroes.juntadeandalucia.es\/rvag12\/files\/2024\/05\/IMG_20240526_170551-scaled.jpg 1920w\" sizes=\"(max-width: 225px) 100vw, 225px\" \/><\/p>\n<p>&nbsp;<\/p>\n","protected":false},"excerpt":{"rendered":"<p>Los alumnos de 1\u00b0 de bachillerato, expusieron en el stand de F\u00edsica y qu\u00edmica al resto de compa\u00f1eros de ESO, una serie de experiencias relacionadas con el medio ambiente. &nbsp; &nbsp; &nbsp; &nbsp; &nbsp;&#46;&#46;&#46;<\/p>\n","protected":false},"author":19006,"featured_media":0,"comment_status":"open","ping_status":"open","sticky":false,"template":"","format":"standard","meta":{"ngg_post_thumbnail":0,"footnotes":""},"categories":[1],"tags":[],"aioseo_notices":[],"_links":{"self":[{"href":"https:\/\/blogsaverroes.juntadeandalucia.es\/rvag12\/wp-json\/wp\/v2\/posts\/56"}],"collection":[{"href":"https:\/\/blogsaverroes.juntadeandalucia.es\/rvag12\/wp-json\/wp\/v2\/posts"}],"about":[{"href":"https:\/\/blogsaverroes.juntadeandalucia.es\/rvag12\/wp-json\/wp\/v2\/types\/post"}],"author":[{"embeddable":true,"href":"https:\/\/blogsaverroes.juntadeandalucia.es\/rvag12\/wp-json\/wp\/v2\/users\/19006"}],"replies":[{"embeddable":true,"href":"https:\/\/blogsaverroes.juntadeandalucia.es\/rvag12\/wp-json\/wp\/v2\/comments?post=56"}],"version-history":[{"count":1,"href":"https:\/\/blogsaverroes.juntadeandalucia.es\/rvag12\/wp-json\/wp\/v2\/posts\/56\/revisions"}],"predecessor-version":[{"id":61,"href":"https:\/\/blogsaverroes.juntadeandalucia.es\/rvag12\/wp-json\/wp\/v2\/posts\/56\/revisions\/61"}],"wp:attachment":[{"href":"https:\/\/blogsaverroes.juntadeandalucia.es\/rvag12\/wp-json\/wp\/v2\/media?parent=56"}],"wp:term":[{"taxonomy":"category","embeddable":true,"href":"https:\/\/blogsaverroes.juntadeandalucia.es\/rvag12\/wp-json\/wp\/v2\/categories?post=56"},{"taxonomy":"post_tag","embeddable":true,"href":"https:\/\/blogsaverroes.juntadeandalucia.es\/rvag12\/wp-json\/wp\/v2\/tags?post=56"}],"curies":[{"name":"wp","href":"https:\/\/api.w.org\/{rel}","templated":true}]}}