{"id":6725,"date":"2022-04-22T07:18:31","date_gmt":"2022-04-22T07:18:31","guid":{"rendered":"https:\/\/blogsaverroes.juntadeandalucia.es\/salonvirtualdelestudiante\/?p=6725"},"modified":"2022-04-25T11:37:12","modified_gmt":"2022-04-25T11:37:12","slug":"22-de-abril-de-2022","status":"publish","type":"post","link":"https:\/\/blogsaverroes.juntadeandalucia.es\/salonvirtualdelestudiante\/2022\/04\/22\/22-de-abril-de-2022\/","title":{"rendered":"22 de abril de 2022"},"content":{"rendered":"<p style=\"text-align: justify\"><a href=\"https:\/\/blogsaverroes.juntadeandalucia.es\/salonvirtualdelestudiante\/files\/2022\/04\/Resoluc.-convoc.-P.A.C.F.pdf\" target=\"_blank\" rel=\"noopener noreferrer\">Resoluci\u00f3n de 18 de abril de 2022, de la Direcci\u00f3n General de Formaci\u00f3n Profesional, por la que se convocan las pruebas de acceso a los ciclos formativos de grado medio y grado superior de formaci\u00f3n profesional en el curso 2021\/2022, en virtud de la Orden de 21 de febrero de 2017 que las regula.<\/a><\/p>\n<p style=\"text-align: center\"><em><strong><a href=\"https:\/\/www.juntadeandalucia.es\/educacion\/portals\/web\/formacion-profesional-andaluza\/quiero-formarme\/pruebas-y-procedimientos\/pruebas-acceso\/inscripcion\" target=\"_blank\" rel=\"noopener noreferrer\">M\u00e1s informaci\u00f3n en el Portal de Formaci\u00f3n Profesional Andaluza<\/a><\/strong><\/em><\/p>\n<p style=\"text-align: center\"><a href=\"https:\/\/blogsaverroes.juntadeandalucia.es\/salonvirtualdelestudiante\/files\/2022\/04\/PACF.jpg\"><img loading=\"lazy\" decoding=\"async\" class=\"alignnone size-medium wp-image-6740\" src=\"https:\/\/blogsaverroes.juntadeandalucia.es\/salonvirtualdelestudiante\/files\/2022\/04\/PACF-209x300.jpg\" alt=\"\" width=\"209\" height=\"300\" srcset=\"https:\/\/blogsaverroes.juntadeandalucia.es\/salonvirtualdelestudiante\/files\/2022\/04\/PACF-209x300.jpg 209w, https:\/\/blogsaverroes.juntadeandalucia.es\/salonvirtualdelestudiante\/files\/2022\/04\/PACF.jpg 523w\" sizes=\"(max-width: 209px) 100vw, 209px\" \/><\/a><\/p>\n<p>&nbsp;<\/p>\n<p>&nbsp;<\/p>\n","protected":false},"excerpt":{"rendered":"<p>Resoluci\u00f3n de 18 de abril de 2022, de la Direcci\u00f3n General de Formaci\u00f3n Profesional, por la que se convocan las pruebas de acceso a los ciclos formativos de grado medio y grado superior de&#46;&#46;&#46;<\/p>\n","protected":false},"author":1419,"featured_media":0,"comment_status":"open","ping_status":"open","sticky":false,"template":"","format":"standard","meta":{"ngg_post_thumbnail":0,"footnotes":""},"categories":[11909],"tags":[],"aioseo_notices":[],"_links":{"self":[{"href":"https:\/\/blogsaverroes.juntadeandalucia.es\/salonvirtualdelestudiante\/wp-json\/wp\/v2\/posts\/6725"}],"collection":[{"href":"https:\/\/blogsaverroes.juntadeandalucia.es\/salonvirtualdelestudiante\/wp-json\/wp\/v2\/posts"}],"about":[{"href":"https:\/\/blogsaverroes.juntadeandalucia.es\/salonvirtualdelestudiante\/wp-json\/wp\/v2\/types\/post"}],"author":[{"embeddable":true,"href":"https:\/\/blogsaverroes.juntadeandalucia.es\/salonvirtualdelestudiante\/wp-json\/wp\/v2\/users\/1419"}],"replies":[{"embeddable":true,"href":"https:\/\/blogsaverroes.juntadeandalucia.es\/salonvirtualdelestudiante\/wp-json\/wp\/v2\/comments?post=6725"}],"version-history":[{"count":10,"href":"https:\/\/blogsaverroes.juntadeandalucia.es\/salonvirtualdelestudiante\/wp-json\/wp\/v2\/posts\/6725\/revisions"}],"predecessor-version":[{"id":6741,"href":"https:\/\/blogsaverroes.juntadeandalucia.es\/salonvirtualdelestudiante\/wp-json\/wp\/v2\/posts\/6725\/revisions\/6741"}],"wp:attachment":[{"href":"https:\/\/blogsaverroes.juntadeandalucia.es\/salonvirtualdelestudiante\/wp-json\/wp\/v2\/media?parent=6725"}],"wp:term":[{"taxonomy":"category","embeddable":true,"href":"https:\/\/blogsaverroes.juntadeandalucia.es\/salonvirtualdelestudiante\/wp-json\/wp\/v2\/categories?post=6725"},{"taxonomy":"post_tag","embeddable":true,"href":"https:\/\/blogsaverroes.juntadeandalucia.es\/salonvirtualdelestudiante\/wp-json\/wp\/v2\/tags?post=6725"}],"curies":[{"name":"wp","href":"https:\/\/api.w.org\/{rel}","templated":true}]}}