{"id":2619,"date":"2024-11-19T21:02:31","date_gmt":"2024-11-19T20:02:31","guid":{"rendered":"https:\/\/blogsaverroes.juntadeandalucia.es\/sanfelipeneri\/?p=2619"},"modified":"2024-11-19T21:03:12","modified_gmt":"2024-11-19T20:03:12","slug":"expoalcohol","status":"publish","type":"post","link":"https:\/\/blogsaverroes.juntadeandalucia.es\/sanfelipeneri\/expoalcohol\/","title":{"rendered":"EXPOALCOHOL"},"content":{"rendered":"<div class=\"flex-shrink-0 flex flex-col relative items-end\">\n<div>\n<div class=\"pt-0\">\n<div class=\"gizmo-bot-avatar flex h-8 w-8 items-center justify-center overflow-hidden rounded-full\">&nbsp;<\/div>\n<\/div>\n<\/div>\n<\/div>\n<div class=\"group\/conversation-turn relative flex w-full min-w-0 flex-col agent-turn\">\n<div class=\"flex-col gap-1 md:gap-3\">\n<div class=\"flex max-w-full flex-col flex-grow\">\n<div class=\"min-h-8 text-message flex w-full flex-col items-end gap-2 whitespace-normal break-words [.text-message+&amp;]:mt-5\" dir=\"auto\" data-message-author-role=\"assistant\" data-message-id=\"f52aa275-8ee9-4326-a3f2-292f58d0321f\" data-message-model-slug=\"gpt-4o\">\n<div class=\"flex w-full flex-col gap-1 empty:hidden first:pt-[3px]\">\n<div class=\"markdown prose w-full break-words dark:prose-invert light\">\n<p>El consumo de alcohol, y los riesgos asociados a este, no dependen de la suerte ni del azar. Es una sustancia que puede perjudicar nuestra salud y bienestar, as\u00ed como afectar negativamente a las personas que nos rodean. Por esta raz\u00f3n, es fundamental aprender a gestionar y controlar su consumo de manera consciente y responsable.<\/p>\n<p>Con el prop\u00f3sito de contribuir a este aprendizaje, se ha dise\u00f1ado un taller bajo el t\u00edtulo <strong>EXPOALCOHOL<\/strong>, impartido por Pilar, t\u00e9cnica del Ayuntamiento. Este taller tiene como objetivo principal ayudar a los j\u00f3venes a desarrollar su capacidad para reflexionar sobre las implicaciones del consumo de alcohol. Adem\u00e1s, busca proporcionar herramientas pr\u00e1cticas que les permitan discernir cu\u00e1ndo, c\u00f3mo y en qu\u00e9 circunstancias actuar con responsabilidad en relaci\u00f3n a esta sustancia.<\/p>\n<p>A trav\u00e9s de din\u00e1micas participativas, debates y actividades reflexivas, el taller pretende reforzar la autonom\u00eda y la toma de decisiones conscientes de los asistentes, fomentando en ellos un pensamiento cr\u00edtico y un enfoque proactivo ante situaciones sociales donde el alcohol pueda estar presente.<\/p>\n<p>La actividad ha sido dirigida al alumnado de <strong>3\u00ba de ESO<\/strong>, con el fin de incidir en esta etapa crucial de su desarrollo personal y social, donde consolidar h\u00e1bitos saludables y prevenir conductas de riesgo resulta esencial.<\/p>\n<p>&nbsp;<\/p>\n<div style=\"width: 848px;\" class=\"wp-video\"><!--[if lt IE 9]><script>document.createElement('video');<\/script><![endif]-->\n<video class=\"wp-video-shortcode\" id=\"video-2619-1\" width=\"848\" height=\"478\" preload=\"metadata\" controls=\"controls\"><source type=\"video\/mp4\" src=\"https:\/\/blogsaverroes.juntadeandalucia.es\/sanfelipeneri\/files\/2024\/11\/WhatsApp-Video-2024-11-18-at-10.19.49.mp4?_=1\" \/><a href=\"https:\/\/blogsaverroes.juntadeandalucia.es\/sanfelipeneri\/files\/2024\/11\/WhatsApp-Video-2024-11-18-at-10.19.49.mp4\">https:\/\/blogsaverroes.juntadeandalucia.es\/sanfelipeneri\/files\/2024\/11\/WhatsApp-Video-2024-11-18-at-10.19.49.mp4<\/a><\/video><\/div>\n\n\t\t<style>\n\t\t\t#gallery-1 {\n\t\t\t\tmargin: auto;\n\t\t\t}\n\t\t\t#gallery-1 .gallery-item {\n\t\t\t\tfloat: left;\n\t\t\t\tmargin-top: 10px;\n\t\t\t\ttext-align: center;\n\t\t\t\twidth: 33%;\n\t\t\t}\n\t\t\t#gallery-1 img {\n\t\t\t\tborder: 2px solid #cfcfcf;\n\t\t\t}\n\t\t\t#gallery-1 .gallery-caption {\n\t\t\t\tmargin-left: 0;\n\t\t\t}\n\t\t\t\/* see gallery_shortcode() in wp-includes\/media.php *\/\n\t\t<\/style>\n\t\t<div id='gallery-1' class='gallery galleryid-2619 gallery-columns-3 gallery-size-large'><dl class='gallery-item'>\n\t\t\t<dt class='gallery-icon landscape'>\n\t\t\t\t<a href='https:\/\/blogsaverroes.juntadeandalucia.es\/sanfelipeneri\/participacion-del-ies-san-felipe-neri-en-la-plantacion-de-arboles-en-la-pena-de-martos\/1-2\/'><img loading=\"lazy\" decoding=\"async\" width=\"887\" height=\"664\" src=\"https:\/\/blogsaverroes.juntadeandalucia.es\/sanfelipeneri\/files\/2024\/11\/1.png\" class=\"attachment-large size-large\" alt=\"\" srcset=\"https:\/\/blogsaverroes.juntadeandalucia.es\/sanfelipeneri\/files\/2024\/11\/1.png 887w, https:\/\/blogsaverroes.juntadeandalucia.es\/sanfelipeneri\/files\/2024\/11\/1-300x225.png 300w, https:\/\/blogsaverroes.juntadeandalucia.es\/sanfelipeneri\/files\/2024\/11\/1-768x575.png 768w\" sizes=\"(max-width: 887px) 100vw, 887px\" \/><\/a>\n\t\t\t<\/dt><\/dl><dl class='gallery-item'>\n\t\t\t<dt class='gallery-icon landscape'>\n\t\t\t\t<a href='https:\/\/blogsaverroes.juntadeandalucia.es\/sanfelipeneri\/participacion-del-ies-san-felipe-neri-en-la-plantacion-de-arboles-en-la-pena-de-martos\/attachment\/2\/'><img loading=\"lazy\" decoding=\"async\" width=\"887\" height=\"664\" src=\"https:\/\/blogsaverroes.juntadeandalucia.es\/sanfelipeneri\/files\/2024\/11\/2.png\" class=\"attachment-large size-large\" alt=\"\" srcset=\"https:\/\/blogsaverroes.juntadeandalucia.es\/sanfelipeneri\/files\/2024\/11\/2.png 887w, https:\/\/blogsaverroes.juntadeandalucia.es\/sanfelipeneri\/files\/2024\/11\/2-300x225.png 300w, https:\/\/blogsaverroes.juntadeandalucia.es\/sanfelipeneri\/files\/2024\/11\/2-768x575.png 768w\" sizes=\"(max-width: 887px) 100vw, 887px\" \/><\/a>\n\t\t\t<\/dt><\/dl><dl class='gallery-item'>\n\t\t\t<dt class='gallery-icon landscape'>\n\t\t\t\t<a href='https:\/\/blogsaverroes.juntadeandalucia.es\/sanfelipeneri\/participacion-del-ies-san-felipe-neri-en-la-plantacion-de-arboles-en-la-pena-de-martos\/attachment\/3\/'><img loading=\"lazy\" decoding=\"async\" width=\"887\" height=\"664\" src=\"https:\/\/blogsaverroes.juntadeandalucia.es\/sanfelipeneri\/files\/2024\/11\/3.png\" class=\"attachment-large size-large\" alt=\"\" srcset=\"https:\/\/blogsaverroes.juntadeandalucia.es\/sanfelipeneri\/files\/2024\/11\/3.png 887w, https:\/\/blogsaverroes.juntadeandalucia.es\/sanfelipeneri\/files\/2024\/11\/3-300x225.png 300w, https:\/\/blogsaverroes.juntadeandalucia.es\/sanfelipeneri\/files\/2024\/11\/3-768x575.png 768w\" sizes=\"(max-width: 887px) 100vw, 887px\" \/><\/a>\n\t\t\t<\/dt><\/dl><br style=\"clear: both\" \/><dl class='gallery-item'>\n\t\t\t<dt class='gallery-icon portrait'>\n\t\t\t\t<a href='https:\/\/blogsaverroes.juntadeandalucia.es\/sanfelipeneri\/participacion-del-ies-san-felipe-neri-en-la-plantacion-de-arboles-en-la-pena-de-martos\/attachment\/4\/'><img loading=\"lazy\" decoding=\"async\" width=\"769\" height=\"1024\" src=\"https:\/\/blogsaverroes.juntadeandalucia.es\/sanfelipeneri\/files\/2024\/11\/4-769x1024.png\" class=\"attachment-large size-large\" alt=\"\" srcset=\"https:\/\/blogsaverroes.juntadeandalucia.es\/sanfelipeneri\/files\/2024\/11\/4-769x1024.png 769w, https:\/\/blogsaverroes.juntadeandalucia.es\/sanfelipeneri\/files\/2024\/11\/4-225x300.png 225w, https:\/\/blogsaverroes.juntadeandalucia.es\/sanfelipeneri\/files\/2024\/11\/4-768x1023.png 768w, https:\/\/blogsaverroes.juntadeandalucia.es\/sanfelipeneri\/files\/2024\/11\/4.png 887w\" sizes=\"(max-width: 769px) 100vw, 769px\" \/><\/a>\n\t\t\t<\/dt><\/dl><dl class='gallery-item'>\n\t\t\t<dt class='gallery-icon portrait'>\n\t\t\t\t<a href='https:\/\/blogsaverroes.juntadeandalucia.es\/sanfelipeneri\/participacion-del-ies-san-felipe-neri-en-la-plantacion-de-arboles-en-la-pena-de-martos\/attachment\/5\/'><img loading=\"lazy\" decoding=\"async\" width=\"769\" height=\"1024\" src=\"https:\/\/blogsaverroes.juntadeandalucia.es\/sanfelipeneri\/files\/2024\/11\/5-769x1024.png\" class=\"attachment-large size-large\" alt=\"\" srcset=\"https:\/\/blogsaverroes.juntadeandalucia.es\/sanfelipeneri\/files\/2024\/11\/5-769x1024.png 769w, https:\/\/blogsaverroes.juntadeandalucia.es\/sanfelipeneri\/files\/2024\/11\/5-225x300.png 225w, https:\/\/blogsaverroes.juntadeandalucia.es\/sanfelipeneri\/files\/2024\/11\/5-768x1023.png 768w, https:\/\/blogsaverroes.juntadeandalucia.es\/sanfelipeneri\/files\/2024\/11\/5.png 887w\" sizes=\"(max-width: 769px) 100vw, 769px\" \/><\/a>\n\t\t\t<\/dt><\/dl>\n\t\t\t<br style='clear: both' \/>\n\t\t<\/div>\n\n<p>&nbsp;<\/p>\n<\/div>\n<\/div>\n<\/div>\n<\/div>\n<\/div>\n<\/div>\n","protected":false},"excerpt":{"rendered":"<p>&nbsp; El consumo de alcohol, y los riesgos asociados a este, no dependen de la suerte ni del azar. Es una sustancia que puede perjudicar nuestra salud y bienestar, as\u00ed como afectar negativamente a&#46;&#46;&#46;<\/p>\n","protected":false},"author":13459,"featured_media":2600,"comment_status":"closed","ping_status":"open","sticky":false,"template":"","format":"standard","meta":{"_exactmetrics_skip_tracking":false,"_exactmetrics_sitenote_active":false,"_exactmetrics_sitenote_note":"","_exactmetrics_sitenote_category":0,"ngg_post_thumbnail":0,"footnotes":""},"categories":[28],"tags":[],"aioseo_notices":[],"_links":{"self":[{"href":"https:\/\/blogsaverroes.juntadeandalucia.es\/sanfelipeneri\/wp-json\/wp\/v2\/posts\/2619"}],"collection":[{"href":"https:\/\/blogsaverroes.juntadeandalucia.es\/sanfelipeneri\/wp-json\/wp\/v2\/posts"}],"about":[{"href":"https:\/\/blogsaverroes.juntadeandalucia.es\/sanfelipeneri\/wp-json\/wp\/v2\/types\/post"}],"author":[{"embeddable":true,"href":"https:\/\/blogsaverroes.juntadeandalucia.es\/sanfelipeneri\/wp-json\/wp\/v2\/users\/13459"}],"replies":[{"embeddable":true,"href":"https:\/\/blogsaverroes.juntadeandalucia.es\/sanfelipeneri\/wp-json\/wp\/v2\/comments?post=2619"}],"version-history":[{"count":3,"href":"https:\/\/blogsaverroes.juntadeandalucia.es\/sanfelipeneri\/wp-json\/wp\/v2\/posts\/2619\/revisions"}],"predecessor-version":[{"id":2623,"href":"https:\/\/blogsaverroes.juntadeandalucia.es\/sanfelipeneri\/wp-json\/wp\/v2\/posts\/2619\/revisions\/2623"}],"wp:featuredmedia":[{"embeddable":true,"href":"https:\/\/blogsaverroes.juntadeandalucia.es\/sanfelipeneri\/wp-json\/wp\/v2\/media\/2600"}],"wp:attachment":[{"href":"https:\/\/blogsaverroes.juntadeandalucia.es\/sanfelipeneri\/wp-json\/wp\/v2\/media?parent=2619"}],"wp:term":[{"taxonomy":"category","embeddable":true,"href":"https:\/\/blogsaverroes.juntadeandalucia.es\/sanfelipeneri\/wp-json\/wp\/v2\/categories?post=2619"},{"taxonomy":"post_tag","embeddable":true,"href":"https:\/\/blogsaverroes.juntadeandalucia.es\/sanfelipeneri\/wp-json\/wp\/v2\/tags?post=2619"}],"curies":[{"name":"wp","href":"https:\/\/api.w.org\/{rel}","templated":true}]}}