{"id":3389,"date":"2025-03-05T13:35:12","date_gmt":"2025-03-05T12:35:12","guid":{"rendered":"https:\/\/blogsaverroes.juntadeandalucia.es\/sanfelipeneri\/?p=3389"},"modified":"2025-03-12T13:01:45","modified_gmt":"2025-03-12T12:01:45","slug":"atencion-alumnado-de-fp-resolucion-del-programa-jaen-ix","status":"publish","type":"post","link":"https:\/\/blogsaverroes.juntadeandalucia.es\/sanfelipeneri\/atencion-alumnado-de-fp-resolucion-del-programa-jaen-ix\/","title":{"rendered":"\u00a1Atenci\u00f3n alumnado de FP!  Resoluci\u00f3n del programa Ja\u00e9n+ IX"},"content":{"rendered":"<p data-pm-slice=\"1 1 []\"><strong>\u00a1Atenci\u00f3n alumnado de FP!<\/strong><\/p>\n<p>Ha salido la resoluci\u00f3n del programa <strong>Ja\u00e9n+ IX<\/strong>, que permite solicitar una movilidad <strong>ERASMUS+ FP<\/strong> para el pr\u00f3ximo curso.<\/p>\n<p><strong>PLAZO ABIERTO:&nbsp;<\/strong><br \/>\nEl plazo de presentaci\u00f3n de solicitudes es <strong>del 3 de marzo al <b>4 de abril de 2025 (inclusive)<\/b><\/strong>, seg\u00fan la publicaci\u00f3n en el Bolet\u00edn Oficial de la Provincia del 27 de febrero de 2025.<\/p>\n<p><strong>\u00bfD\u00f3nde presentar la solicitud?<\/strong><\/p>\n<ul data-spread=\"false\">\n<li>Registro General de la Diputaci\u00f3n Provincial de Ja\u00e9n.<\/li>\n<li>Registro Electr\u00f3nico de la Diputaci\u00f3n Provincial de Ja\u00e9n.<\/li>\n<li>Oficina de Correos.<\/li>\n<li>Registro del Ayuntamiento del municipio, indicando que la entidad destinataria es la Diputaci\u00f3n Provincial de Ja\u00e9n.<\/li>\n<\/ul>\n<p><strong>Documentaci\u00f3n a presentar:<\/strong><\/p>\n<ul data-spread=\"false\">\n<li>Anexo I.<\/li>\n<li>Anexo II o declaraci\u00f3n responsable.<\/li>\n<li>Anexo IV, firmado y sellado por el centro.<\/li>\n<li>Certificado de estar matriculado en el centro y curso acad\u00e9mico en el que se encuentra.<\/li>\n<li>Certificado oficial de expediente acad\u00e9mico o de notas del curso actual.<\/li>\n<li>Certificado de idiomas (si se posee).<\/li>\n<li>Fotocopia del DNI en vigor.<\/li>\n<li>Certificado de empadronamiento en un municipio de la provincia de Ja\u00e9n.<\/li>\n<li>Curriculum Vitae en formato Europass y en ingl\u00e9s.<\/li>\n<\/ul>\n<p><strong>Documentaci\u00f3n adicional para menores de edad:<\/strong><\/p>\n<ul data-spread=\"false\">\n<li>Anexo I y II firmados por el\/la solicitante y por los padres.<\/li>\n<li>Fotocopia del libro de familia.<\/li>\n<li>Fotocopia del DNI de los padres.<\/li>\n<li>Anexo III.<\/li>\n<\/ul>\n<p><strong>M\u00e1s informaci\u00f3n y anexos:<\/strong><br \/>\n<a href=\"https:\/\/www.dipujaen.es\/conoce-diputacion\/areas-organismos-empresas\/areaJ\/subvenciones\/subv-2025\/jaen-ix.html\">Accede aqu\u00ed a las Bases de Selecci\u00f3n y Anexos<\/a><\/p>\n<p><strong>Contacto para dudas:<\/strong> El alumnado interesado puede ponerse en contacto con la coordinadora <strong>Erasmus+FP, Mar\u00eda L\u00f3pez<\/strong>, a trav\u00e9s del correo: <a><strong>mlophor285@g.educaand.es<\/strong><\/a><\/p>\n<p>Para la gesti\u00f3n de tus pr\u00e1cticas nos hace falta tu Curriculum Vitae en formato europeo y en ingl\u00e9s.<br \/>\nPara crearlo, pod\u00e9is acceder a la p\u00e1gina Europass pinchando en el enlace <a href=\"https:\/\/europa.eu\/europass\/eportfolio\/screen\/profile-wizard?lang=en\">https:\/\/europa.eu\/europass\/eportfolio\/screen\/profile-wizard?lang=en<\/a><br \/>\nAdjuntamos una gu\u00eda que te explica los pasos para crear y descargar el CV una vez que hayas creado el perfil. Para ver la gu\u00eda, <a href=\"https:\/\/blogsaverroes.juntadeandalucia.es\/sanfelipeneri\/files\/2025\/03\/Europass-CV-guia.pdf\"><strong>PULSAR AQU\u00cd.<\/strong><\/a><\/p>\n<p>Te recuerdo que el CV debe incluir el grado medio que est\u00e1s cursando (aqu\u00ed puedes ver la traducci\u00f3n de tu t\u00edtulo al ingl\u00e9s <a href=\"https:\/\/www.todofp.es\/orientacion-profesional\/itinerarios-formativos-profesionales\/movilidad\/que-es-el-suplemento-europass\/titulos-loe.html\">Suplementos Europass a los T\u00edtulos de FP (LOE) -TodoFP | Ministerio de Educaci\u00f3n y Formaci\u00f3n Profesional,<\/a> ya que vas a realizar pr\u00e1cticas relacionadas con estos estudios.<br \/>\nTe recomendar\u00eda enriquecerlo, por ejemplo, poniendo los principales m\u00f3dulos cursados en tu grado.<\/p>\n<p>Tienes tambi\u00e9n que poner tus competencias ling\u00fc\u00edsticas, competencias digitales y una foto tuya. Considera que tu CV es la herramienta que tiene el socio para presentar tu perfil a empresas. Por esa raz\u00f3n, es muy importante que est\u00e9 hecho<br \/>\nbien y sea completo.<\/p>\n<p>\u00a1No dejes pasar esta oportunidad!&nbsp;<\/p>\n","protected":false},"excerpt":{"rendered":"<p>\u00a1Atenci\u00f3n alumnado de FP! Ha salido la resoluci\u00f3n del programa Ja\u00e9n+ IX, que permite solicitar una movilidad ERASMUS+ FP para el pr\u00f3ximo curso. PLAZO ABIERTO:&nbsp; El plazo de presentaci\u00f3n de solicitudes es del 3&#46;&#46;&#46;<\/p>\n","protected":false},"author":13459,"featured_media":3390,"comment_status":"closed","ping_status":"open","sticky":false,"template":"","format":"standard","meta":{"_exactmetrics_skip_tracking":false,"_exactmetrics_sitenote_active":false,"_exactmetrics_sitenote_note":"","_exactmetrics_sitenote_category":0,"ngg_post_thumbnail":0,"footnotes":""},"categories":[20],"tags":[],"aioseo_notices":[],"_links":{"self":[{"href":"https:\/\/blogsaverroes.juntadeandalucia.es\/sanfelipeneri\/wp-json\/wp\/v2\/posts\/3389"}],"collection":[{"href":"https:\/\/blogsaverroes.juntadeandalucia.es\/sanfelipeneri\/wp-json\/wp\/v2\/posts"}],"about":[{"href":"https:\/\/blogsaverroes.juntadeandalucia.es\/sanfelipeneri\/wp-json\/wp\/v2\/types\/post"}],"author":[{"embeddable":true,"href":"https:\/\/blogsaverroes.juntadeandalucia.es\/sanfelipeneri\/wp-json\/wp\/v2\/users\/13459"}],"replies":[{"embeddable":true,"href":"https:\/\/blogsaverroes.juntadeandalucia.es\/sanfelipeneri\/wp-json\/wp\/v2\/comments?post=3389"}],"version-history":[{"count":3,"href":"https:\/\/blogsaverroes.juntadeandalucia.es\/sanfelipeneri\/wp-json\/wp\/v2\/posts\/3389\/revisions"}],"predecessor-version":[{"id":3565,"href":"https:\/\/blogsaverroes.juntadeandalucia.es\/sanfelipeneri\/wp-json\/wp\/v2\/posts\/3389\/revisions\/3565"}],"wp:featuredmedia":[{"embeddable":true,"href":"https:\/\/blogsaverroes.juntadeandalucia.es\/sanfelipeneri\/wp-json\/wp\/v2\/media\/3390"}],"wp:attachment":[{"href":"https:\/\/blogsaverroes.juntadeandalucia.es\/sanfelipeneri\/wp-json\/wp\/v2\/media?parent=3389"}],"wp:term":[{"taxonomy":"category","embeddable":true,"href":"https:\/\/blogsaverroes.juntadeandalucia.es\/sanfelipeneri\/wp-json\/wp\/v2\/categories?post=3389"},{"taxonomy":"post_tag","embeddable":true,"href":"https:\/\/blogsaverroes.juntadeandalucia.es\/sanfelipeneri\/wp-json\/wp\/v2\/tags?post=3389"}],"curies":[{"name":"wp","href":"https:\/\/api.w.org\/{rel}","templated":true}]}}