{"id":6548,"date":"2025-10-31T15:38:26","date_gmt":"2025-10-31T14:38:26","guid":{"rendered":"https:\/\/blogsaverroes.juntadeandalucia.es\/sanfelipeneri\/?p=6548"},"modified":"2025-11-13T20:31:28","modified_gmt":"2025-11-13T19:31:28","slug":"halloween-en-el-aula-especifica-y-ptval","status":"publish","type":"post","link":"https:\/\/blogsaverroes.juntadeandalucia.es\/sanfelipeneri\/halloween-en-el-aula-especifica-y-ptval\/","title":{"rendered":"Halloween en el aula espec\u00edfica y PTVAL"},"content":{"rendered":"<h3 data-start=\"117\" data-end=\"165\">&nbsp;<\/h3>\n<p data-start=\"167\" data-end=\"342\">Nuestro alumnado del Aula Espec\u00edfica y PTVAL ha celebrado Halloween con ilusi\u00f3n y entusiasmo, disfrutando de una jornada llena de risas, creatividad y diversi\u00f3n.<\/p>\n<p data-start=\"344\" data-end=\"567\">Entre disfraces, manualidades y peque\u00f1as actividades, los estudiantes han compartido momentos especiales que refuerzan la amistad, la colaboraci\u00f3n y el sentido de comunidad que tanto caracteriza a nuestro centro.&nbsp;<\/p>\n<p data-start=\"569\" data-end=\"718\">Estas celebraciones nos recuerdan que, m\u00e1s all\u00e1 del aprendizaje acad\u00e9mico, la alegr\u00eda y el compa\u00f1erismo son parte fundamental de crecer juntos.<\/p>\n<p data-start=\"720\" data-end=\"825\"><div class=\"su-custom-gallery su-custom-gallery-align-center su-custom-gallery-title-never su-lightbox-gallery\"><div class=\"su-custom-gallery-slide\" style=\"width:400px;height:400px\"><a href=\"https:\/\/blogsaverroes.juntadeandalucia.es\/sanfelipeneri\/files\/2025\/10\/WhatsApp-Image-2025-10-31-at-12.31.54-1.jpeg\" title=\"WhatsApp Image 2025-10-31 at 12.31.54 (1)\"><img loading=\"lazy\" decoding=\"async\" src=\"https:\/\/blogsaverroes.juntadeandalucia.es\/sanfelipeneri\/files\/2025\/10\/WhatsApp-Image-2025-10-31-at-12.31.54-1-400x400.jpeg\" alt=\"WhatsApp Image 2025-10-31 at 12.31.54 (1)\" width=\"400\" height=\"400\" \/><span class=\"su-custom-gallery-title\">WhatsApp Image 2025-10-31 at 12.31.54 (1)<\/span><\/a><\/div><div class=\"su-custom-gallery-slide\" style=\"width:400px;height:400px\"><a href=\"https:\/\/blogsaverroes.juntadeandalucia.es\/sanfelipeneri\/files\/2025\/10\/WhatsApp-Image-2025-10-31-at-12.32.41.jpeg\" title=\"WhatsApp Image 2025-10-31 at 12.32.41\"><img loading=\"lazy\" decoding=\"async\" src=\"https:\/\/blogsaverroes.juntadeandalucia.es\/sanfelipeneri\/files\/2025\/10\/WhatsApp-Image-2025-10-31-at-12.32.41-400x400.jpeg\" alt=\"WhatsApp Image 2025-10-31 at 12.32.41\" width=\"400\" height=\"400\" \/><span class=\"su-custom-gallery-title\">WhatsApp Image 2025-10-31 at 12.32.41<\/span><\/a><\/div><div class=\"su-custom-gallery-slide\" style=\"width:400px;height:400px\"><a href=\"https:\/\/blogsaverroes.juntadeandalucia.es\/sanfelipeneri\/files\/2025\/10\/WhatsApp-Image-2025-10-31-at-12.31.54-e1763062279986.jpeg\" title=\"WhatsApp Image 2025-10-31 at 12.31.54\"><img loading=\"lazy\" decoding=\"async\" src=\"https:\/\/blogsaverroes.juntadeandalucia.es\/sanfelipeneri\/files\/2025\/10\/WhatsApp-Image-2025-10-31-at-12.31.54-e1763062279986.jpeg\" alt=\"WhatsApp Image 2025-10-31 at 12.31.54\" width=\"400\" height=\"400\" \/><span class=\"su-custom-gallery-title\">WhatsApp Image 2025-10-31 at 12.31.54<\/span><\/a><\/div><div class=\"su-clear\"><\/div><\/div>\n","protected":false},"excerpt":{"rendered":"<p>&nbsp; Nuestro alumnado del Aula Espec\u00edfica y PTVAL ha celebrado Halloween con ilusi\u00f3n y entusiasmo, disfrutando de una jornada llena de risas, creatividad y diversi\u00f3n. Entre disfraces, manualidades y peque\u00f1as actividades, los estudiantes han&#46;&#46;&#46;<\/p>\n","protected":false},"author":13459,"featured_media":6551,"comment_status":"closed","ping_status":"open","sticky":false,"template":"","format":"standard","meta":{"_exactmetrics_skip_tracking":false,"_exactmetrics_sitenote_active":false,"_exactmetrics_sitenote_note":"","_exactmetrics_sitenote_category":0,"ngg_post_thumbnail":0,"footnotes":""},"categories":[22,134],"tags":[],"aioseo_notices":[],"_links":{"self":[{"href":"https:\/\/blogsaverroes.juntadeandalucia.es\/sanfelipeneri\/wp-json\/wp\/v2\/posts\/6548"}],"collection":[{"href":"https:\/\/blogsaverroes.juntadeandalucia.es\/sanfelipeneri\/wp-json\/wp\/v2\/posts"}],"about":[{"href":"https:\/\/blogsaverroes.juntadeandalucia.es\/sanfelipeneri\/wp-json\/wp\/v2\/types\/post"}],"author":[{"embeddable":true,"href":"https:\/\/blogsaverroes.juntadeandalucia.es\/sanfelipeneri\/wp-json\/wp\/v2\/users\/13459"}],"replies":[{"embeddable":true,"href":"https:\/\/blogsaverroes.juntadeandalucia.es\/sanfelipeneri\/wp-json\/wp\/v2\/comments?post=6548"}],"version-history":[{"count":1,"href":"https:\/\/blogsaverroes.juntadeandalucia.es\/sanfelipeneri\/wp-json\/wp\/v2\/posts\/6548\/revisions"}],"predecessor-version":[{"id":6552,"href":"https:\/\/blogsaverroes.juntadeandalucia.es\/sanfelipeneri\/wp-json\/wp\/v2\/posts\/6548\/revisions\/6552"}],"wp:featuredmedia":[{"embeddable":true,"href":"https:\/\/blogsaverroes.juntadeandalucia.es\/sanfelipeneri\/wp-json\/wp\/v2\/media\/6551"}],"wp:attachment":[{"href":"https:\/\/blogsaverroes.juntadeandalucia.es\/sanfelipeneri\/wp-json\/wp\/v2\/media?parent=6548"}],"wp:term":[{"taxonomy":"category","embeddable":true,"href":"https:\/\/blogsaverroes.juntadeandalucia.es\/sanfelipeneri\/wp-json\/wp\/v2\/categories?post=6548"},{"taxonomy":"post_tag","embeddable":true,"href":"https:\/\/blogsaverroes.juntadeandalucia.es\/sanfelipeneri\/wp-json\/wp\/v2\/tags?post=6548"}],"curies":[{"name":"wp","href":"https:\/\/api.w.org\/{rel}","templated":true}]}}