{"id":671,"date":"2023-06-27T17:20:05","date_gmt":"2023-06-27T15:20:05","guid":{"rendered":"https:\/\/blogsaverroes.juntadeandalucia.es\/sanfelipeneri\/?p=671"},"modified":"2024-11-15T12:12:15","modified_gmt":"2024-11-15T11:12:15","slug":"671-2","status":"publish","type":"post","link":"https:\/\/blogsaverroes.juntadeandalucia.es\/sanfelipeneri\/671-2\/","title":{"rendered":"Visita Aceleradora de Startups EL CUBO"},"content":{"rendered":"<p>Siguiendo con las actividades del Aula de Emprendimiento del IES San Felipe Neri, nuestros ciclos formativos visitan en Sevilla la Aceleradora de Startups EL CUBO &#8211; Andaluc\u00eda Open Future, les muestran c\u00f3mo convertir una idea de negocio en un proyecto real.<\/p>\n<p>EL CUBO es un espacio de aceleraci\u00f3n de conocimiento e innovaci\u00f3n donde los emprendedores desarrollan sus proyectos de forma independiente o en colaboraci\u00f3n.<\/p>\n<p>Actividad financiada por la Uni\u00f3n Europea-NextGenerationEU<\/p>\n<p><img loading=\"lazy\" decoding=\"async\" class=\"wp-image-672 size-full aligncenter\" src=\"https:\/\/blogsaverroes.juntadeandalucia.es\/sanfelipeneri\/files\/2023\/06\/Foto-Viaje-Aula-Emprendimiento.jpg\" alt=\"\" width=\"1328\" height=\"747\" srcset=\"https:\/\/blogsaverroes.juntadeandalucia.es\/sanfelipeneri\/files\/2023\/06\/Foto-Viaje-Aula-Emprendimiento.jpg 1328w, https:\/\/blogsaverroes.juntadeandalucia.es\/sanfelipeneri\/files\/2023\/06\/Foto-Viaje-Aula-Emprendimiento-300x169.jpg 300w, https:\/\/blogsaverroes.juntadeandalucia.es\/sanfelipeneri\/files\/2023\/06\/Foto-Viaje-Aula-Emprendimiento-1024x576.jpg 1024w, https:\/\/blogsaverroes.juntadeandalucia.es\/sanfelipeneri\/files\/2023\/06\/Foto-Viaje-Aula-Emprendimiento-768x432.jpg 768w, https:\/\/blogsaverroes.juntadeandalucia.es\/sanfelipeneri\/files\/2023\/06\/Foto-Viaje-Aula-Emprendimiento-1080x608.jpg 1080w, https:\/\/blogsaverroes.juntadeandalucia.es\/sanfelipeneri\/files\/2023\/06\/Foto-Viaje-Aula-Emprendimiento-1280x720.jpg 1280w, https:\/\/blogsaverroes.juntadeandalucia.es\/sanfelipeneri\/files\/2023\/06\/Foto-Viaje-Aula-Emprendimiento-980x551.jpg 980w, https:\/\/blogsaverroes.juntadeandalucia.es\/sanfelipeneri\/files\/2023\/06\/Foto-Viaje-Aula-Emprendimiento-480x270.jpg 480w\" sizes=\"(max-width: 1328px) 100vw, 1328px\" \/><\/p>\n<p><img loading=\"lazy\" decoding=\"async\" class=\"alignnone wp-image-584\" src=\"https:\/\/blogsaverroes.juntadeandalucia.es\/sanfelipeneri\/files\/2023\/04\/Junta.png\" alt=\"\" width=\"85\" height=\"64\"><img loading=\"lazy\" decoding=\"async\" class=\"alignnone wp-image-587\" src=\"https:\/\/blogsaverroes.juntadeandalucia.es\/sanfelipeneri\/files\/2023\/04\/UE-300x81.png\" alt=\"\" width=\"177\" height=\"48\" srcset=\"https:\/\/blogsaverroes.juntadeandalucia.es\/sanfelipeneri\/files\/2023\/04\/UE-300x81.png 300w, https:\/\/blogsaverroes.juntadeandalucia.es\/sanfelipeneri\/files\/2023\/04\/UE.png 431w\" sizes=\"(max-width: 177px) 100vw, 177px\" \/><img loading=\"lazy\" decoding=\"async\" class=\"alignnone wp-image-585\" src=\"https:\/\/blogsaverroes.juntadeandalucia.es\/sanfelipeneri\/files\/2023\/04\/Ministerio-300x87.png\" alt=\"\" width=\"169\" height=\"49\" srcset=\"https:\/\/blogsaverroes.juntadeandalucia.es\/sanfelipeneri\/files\/2023\/04\/Ministerio-300x87.png 300w, https:\/\/blogsaverroes.juntadeandalucia.es\/sanfelipeneri\/files\/2023\/04\/Ministerio.png 416w\" sizes=\"(max-width: 169px) 100vw, 169px\" \/><img loading=\"lazy\" decoding=\"async\" class=\"alignnone wp-image-586\" src=\"https:\/\/blogsaverroes.juntadeandalucia.es\/sanfelipeneri\/files\/2023\/04\/PlanRTR-300x107.png\" alt=\"\" width=\"160\" height=\"57\" srcset=\"https:\/\/blogsaverroes.juntadeandalucia.es\/sanfelipeneri\/files\/2023\/04\/PlanRTR-300x107.png 300w, https:\/\/blogsaverroes.juntadeandalucia.es\/sanfelipeneri\/files\/2023\/04\/PlanRTR.png 376w\" sizes=\"(max-width: 160px) 100vw, 160px\" \/><\/p>\n","protected":false},"excerpt":{"rendered":"<p>Siguiendo con las actividades del Aula de Emprendimiento del IES San Felipe Neri, nuestros ciclos formativos visitan en Sevilla la Aceleradora de Startups EL CUBO &#8211; Andaluc\u00eda Open Future, les muestran c\u00f3mo convertir una&#46;&#46;&#46;<\/p>\n","protected":false},"author":13435,"featured_media":672,"comment_status":"closed","ping_status":"open","sticky":false,"template":"","format":"standard","meta":{"_exactmetrics_skip_tracking":false,"_exactmetrics_sitenote_active":false,"_exactmetrics_sitenote_note":"","_exactmetrics_sitenote_category":0,"ngg_post_thumbnail":0,"footnotes":""},"categories":[1],"tags":[],"aioseo_notices":[],"_links":{"self":[{"href":"https:\/\/blogsaverroes.juntadeandalucia.es\/sanfelipeneri\/wp-json\/wp\/v2\/posts\/671"}],"collection":[{"href":"https:\/\/blogsaverroes.juntadeandalucia.es\/sanfelipeneri\/wp-json\/wp\/v2\/posts"}],"about":[{"href":"https:\/\/blogsaverroes.juntadeandalucia.es\/sanfelipeneri\/wp-json\/wp\/v2\/types\/post"}],"author":[{"embeddable":true,"href":"https:\/\/blogsaverroes.juntadeandalucia.es\/sanfelipeneri\/wp-json\/wp\/v2\/users\/13435"}],"replies":[{"embeddable":true,"href":"https:\/\/blogsaverroes.juntadeandalucia.es\/sanfelipeneri\/wp-json\/wp\/v2\/comments?post=671"}],"version-history":[{"count":2,"href":"https:\/\/blogsaverroes.juntadeandalucia.es\/sanfelipeneri\/wp-json\/wp\/v2\/posts\/671\/revisions"}],"predecessor-version":[{"id":674,"href":"https:\/\/blogsaverroes.juntadeandalucia.es\/sanfelipeneri\/wp-json\/wp\/v2\/posts\/671\/revisions\/674"}],"wp:featuredmedia":[{"embeddable":true,"href":"https:\/\/blogsaverroes.juntadeandalucia.es\/sanfelipeneri\/wp-json\/wp\/v2\/media\/672"}],"wp:attachment":[{"href":"https:\/\/blogsaverroes.juntadeandalucia.es\/sanfelipeneri\/wp-json\/wp\/v2\/media?parent=671"}],"wp:term":[{"taxonomy":"category","embeddable":true,"href":"https:\/\/blogsaverroes.juntadeandalucia.es\/sanfelipeneri\/wp-json\/wp\/v2\/categories?post=671"},{"taxonomy":"post_tag","embeddable":true,"href":"https:\/\/blogsaverroes.juntadeandalucia.es\/sanfelipeneri\/wp-json\/wp\/v2\/tags?post=671"}],"curies":[{"name":"wp","href":"https:\/\/api.w.org\/{rel}","templated":true}]}}