{"id":7672,"date":"2026-03-04T17:31:49","date_gmt":"2026-03-04T16:31:49","guid":{"rendered":"https:\/\/blogsaverroes.juntadeandalucia.es\/sanfelipeneri\/?p=7672"},"modified":"2026-03-04T17:32:51","modified_gmt":"2026-03-04T16:32:51","slug":"la-jornada-de-puertas-abiertas-del-ies-san-felipe-neri-en-imagenes","status":"publish","type":"post","link":"https:\/\/blogsaverroes.juntadeandalucia.es\/sanfelipeneri\/la-jornada-de-puertas-abiertas-del-ies-san-felipe-neri-en-imagenes\/","title":{"rendered":"La Jornada de Puertas Abiertas del IES San Felipe Neri, en im\u00e1genes"},"content":{"rendered":"<p>&nbsp;<\/p>\n<p class=\"isSelectedEnd\">El pasado <strong>18 de febrero de 2026<\/strong> celebramos en el <strong>IES San Felipe Neri<\/strong> nuestra <strong>Jornada de Puertas Abiertas<\/strong>, una excelente oportunidad para mostrar a estudiantes, familias y centros educativos de la zona todo lo que ofrece nuestro instituto.<\/p>\n<p class=\"isSelectedEnd\">Durante la ma\u00f1ana recibimos a alumnado de distintos centros y a familias interesadas en conocer de cerca nuestras instalaciones, aulas, talleres y nuestra oferta educativa. La jornada comenz\u00f3 con una recepci\u00f3n en el sal\u00f3n de actos, donde se dio la bienvenida a las personas asistentes y se present\u00f3 el v\u00eddeo promocional del centro, adem\u00e1s de explicar la oferta de Formaci\u00f3n Profesional y la organizaci\u00f3n de las actividades previstas.<\/p>\n<p class=\"isSelectedEnd\">A continuaci\u00f3n, los grupos realizaron un recorrido por diferentes espacios del instituto para descubrir de primera mano nuestra oferta de ciclos formativos:<\/p>\n<ul data-spread=\"false\">\n<li>\n<p class=\"isSelectedEnd\">Administraci\u00f3n y Gesti\u00f3n: CFGM Gesti\u00f3n Administrativa y CFGS Administraci\u00f3n y Finanzas.<\/p>\n<\/li>\n<li>\n<p class=\"isSelectedEnd\">Fabricaci\u00f3n Mec\u00e1nica: CFGB Fabricaci\u00f3n y Montaje y CFGM Mecanizado.<\/p>\n<\/li>\n<li>\n<p class=\"isSelectedEnd\">Instalaci\u00f3n y Mantenimiento: CFGM Mantenimiento Electromec\u00e1nico y CFGS Mecatr\u00f3nica Industrial.<\/p>\n<\/li>\n<li>\n<p class=\"isSelectedEnd\">Qu\u00edmica: CFGM Operaciones de Laboratorio.<\/p>\n<\/li>\n<li>\n<p class=\"isSelectedEnd\">Seguridad y Medio Ambiente: CFGS Qu\u00edmica y Salud Ambiental.<\/p>\n<\/li>\n<\/ul>\n<p class=\"isSelectedEnd\">Adem\u00e1s, las personas visitantes pudieron conocer algunos de los proyectos y espacios m\u00e1s representativos del centro, como el Aula ATECA, donde se presentaron iniciativas de internacionalizaci\u00f3n, el equipo de debate en la biblioteca, el Aula de Jaque o las actividades de Recreos Activos, que forman parte de la vida diaria del instituto.<\/p>\n<p class=\"isSelectedEnd\">La jornada cont\u00f3 tambi\u00e9n con la participaci\u00f3n de representantes de Polic\u00eda y Guardia Civil,&nbsp;quienes ofrecieron informaci\u00f3n sobre distintas salidas profesionales.<\/p>\n<p class=\"isSelectedEnd\">A continuaci\u00f3n, compartimos un <strong>v\u00eddeo resumen<\/strong> con algunos de los momentos m\u00e1s destacados de esta jornada, en la que abrimos nuestras puertas para seguir apostando por el futuro de nuestro alumnado.<\/p>\n<p class=\"isSelectedEnd\">Queremos agradecer especialmente la <strong>implicaci\u00f3n del profesorado y del alumnado del centro<\/strong>, cuya colaboraci\u00f3n y trabajo hicieron posible la organizaci\u00f3n y el desarrollo de esta jornada.<\/p>\n<p>\u00a1Gracias tambi\u00e9n a todas las personas que nos acompa\u00f1asteis!<\/p>\n<p><iframe loading=\"lazy\" title=\"V\u00eddeo resumen Jornadas Puertas Abiertas. SFN is open for you.\" width=\"500\" height=\"281\" src=\"https:\/\/www.youtube.com\/embed\/t0cfkjllZzk?feature=oembed&#038;wmode=opaque\" frameborder=\"0\" allow=\"accelerometer; autoplay; clipboard-write; encrypted-media; gyroscope; picture-in-picture; web-share\" referrerpolicy=\"strict-origin-when-cross-origin\" allowfullscreen><\/iframe><\/p>\n","protected":false},"excerpt":{"rendered":"<p>&nbsp; El pasado 18 de febrero de 2026 celebramos en el IES San Felipe Neri nuestra Jornada de Puertas Abiertas, una excelente oportunidad para mostrar a estudiantes, familias y centros educativos de la zona&#46;&#46;&#46;<\/p>\n","protected":false},"author":13459,"featured_media":7673,"comment_status":"closed","ping_status":"open","sticky":false,"template":"","format":"standard","meta":{"_exactmetrics_skip_tracking":false,"_exactmetrics_sitenote_active":false,"_exactmetrics_sitenote_note":"","_exactmetrics_sitenote_category":0,"ngg_post_thumbnail":0,"footnotes":""},"categories":[11,134],"tags":[],"aioseo_notices":[],"_links":{"self":[{"href":"https:\/\/blogsaverroes.juntadeandalucia.es\/sanfelipeneri\/wp-json\/wp\/v2\/posts\/7672"}],"collection":[{"href":"https:\/\/blogsaverroes.juntadeandalucia.es\/sanfelipeneri\/wp-json\/wp\/v2\/posts"}],"about":[{"href":"https:\/\/blogsaverroes.juntadeandalucia.es\/sanfelipeneri\/wp-json\/wp\/v2\/types\/post"}],"author":[{"embeddable":true,"href":"https:\/\/blogsaverroes.juntadeandalucia.es\/sanfelipeneri\/wp-json\/wp\/v2\/users\/13459"}],"replies":[{"embeddable":true,"href":"https:\/\/blogsaverroes.juntadeandalucia.es\/sanfelipeneri\/wp-json\/wp\/v2\/comments?post=7672"}],"version-history":[{"count":2,"href":"https:\/\/blogsaverroes.juntadeandalucia.es\/sanfelipeneri\/wp-json\/wp\/v2\/posts\/7672\/revisions"}],"predecessor-version":[{"id":7675,"href":"https:\/\/blogsaverroes.juntadeandalucia.es\/sanfelipeneri\/wp-json\/wp\/v2\/posts\/7672\/revisions\/7675"}],"wp:featuredmedia":[{"embeddable":true,"href":"https:\/\/blogsaverroes.juntadeandalucia.es\/sanfelipeneri\/wp-json\/wp\/v2\/media\/7673"}],"wp:attachment":[{"href":"https:\/\/blogsaverroes.juntadeandalucia.es\/sanfelipeneri\/wp-json\/wp\/v2\/media?parent=7672"}],"wp:term":[{"taxonomy":"category","embeddable":true,"href":"https:\/\/blogsaverroes.juntadeandalucia.es\/sanfelipeneri\/wp-json\/wp\/v2\/categories?post=7672"},{"taxonomy":"post_tag","embeddable":true,"href":"https:\/\/blogsaverroes.juntadeandalucia.es\/sanfelipeneri\/wp-json\/wp\/v2\/tags?post=7672"}],"curies":[{"name":"wp","href":"https:\/\/api.w.org\/{rel}","templated":true}]}}