{"id":1040,"date":"2025-05-15T12:18:26","date_gmt":"2025-05-15T11:18:26","guid":{"rendered":"https:\/\/blogsaverroes.juntadeandalucia.es\/sanjose\/?p=1040"},"modified":"2025-05-15T12:18:26","modified_gmt":"2025-05-15T11:18:26","slug":"resolucion-del-procedimiento-de-admision-y-certificacion-de-la-publicacion","status":"publish","type":"post","link":"https:\/\/blogsaverroes.juntadeandalucia.es\/sanjose\/resolucion-del-procedimiento-de-admision-y-certificacion-de-la-publicacion\/","title":{"rendered":"RESOLUCI\u00d3N DEL PROCEDIMIENTO DE ADMISI\u00d3N Y CERTIFICACI\u00d3N DE LA PUBLICACI\u00d3N"},"content":{"rendered":"<p><a href=\"https:\/\/blogsaverroes.juntadeandalucia.es\/sanjose\/files\/2025\/05\/RESOL.PROC_.ADM_.Y-CER.pdf\">RESOL.PROC.ADM.Y CER.<\/a><\/p>\n<p>Estimadas familias:<\/p>\n<p>Se adjunta la publicaci\u00f3n de la Resoluci\u00f3n del procedimiento de Admisi\u00f3n para el curso escolar 25-26 para alumnado de nueva escolarizaci\u00f3n.\u00a0<\/p>\n<p>Atentamente, reciban un cordial saludo.\u00a0<\/p>\n","protected":false},"excerpt":{"rendered":"<p>RESOL.PROC.ADM.Y CER. Estimadas familias: Se adjunta la publicaci\u00f3n de la Resoluci\u00f3n del procedimiento de Admisi\u00f3n para el curso escolar 25-26 para alumnado de nueva escolarizaci\u00f3n.\u00a0 Atentamente, reciban un cordial saludo.\u00a0<\/p>\n","protected":false},"author":14823,"featured_media":0,"comment_status":"closed","ping_status":"open","sticky":false,"template":"","format":"standard","meta":{"_et_pb_use_builder":"","_et_pb_old_content":"","_et_gb_content_width":"","ngg_post_thumbnail":0,"footnotes":""},"categories":[1],"tags":[],"aioseo_notices":[],"_links":{"self":[{"href":"https:\/\/blogsaverroes.juntadeandalucia.es\/sanjose\/wp-json\/wp\/v2\/posts\/1040"}],"collection":[{"href":"https:\/\/blogsaverroes.juntadeandalucia.es\/sanjose\/wp-json\/wp\/v2\/posts"}],"about":[{"href":"https:\/\/blogsaverroes.juntadeandalucia.es\/sanjose\/wp-json\/wp\/v2\/types\/post"}],"author":[{"embeddable":true,"href":"https:\/\/blogsaverroes.juntadeandalucia.es\/sanjose\/wp-json\/wp\/v2\/users\/14823"}],"replies":[{"embeddable":true,"href":"https:\/\/blogsaverroes.juntadeandalucia.es\/sanjose\/wp-json\/wp\/v2\/comments?post=1040"}],"version-history":[{"count":1,"href":"https:\/\/blogsaverroes.juntadeandalucia.es\/sanjose\/wp-json\/wp\/v2\/posts\/1040\/revisions"}],"predecessor-version":[{"id":1042,"href":"https:\/\/blogsaverroes.juntadeandalucia.es\/sanjose\/wp-json\/wp\/v2\/posts\/1040\/revisions\/1042"}],"wp:attachment":[{"href":"https:\/\/blogsaverroes.juntadeandalucia.es\/sanjose\/wp-json\/wp\/v2\/media?parent=1040"}],"wp:term":[{"taxonomy":"category","embeddable":true,"href":"https:\/\/blogsaverroes.juntadeandalucia.es\/sanjose\/wp-json\/wp\/v2\/categories?post=1040"},{"taxonomy":"post_tag","embeddable":true,"href":"https:\/\/blogsaverroes.juntadeandalucia.es\/sanjose\/wp-json\/wp\/v2\/tags?post=1040"}],"curies":[{"name":"wp","href":"https:\/\/api.w.org\/{rel}","templated":true}]}}