{"id":3264,"date":"2021-09-06T15:37:04","date_gmt":"2021-09-06T15:37:04","guid":{"rendered":"https:\/\/blogsaverroes.juntadeandalucia.es\/sanlorenzo\/?p=3264"},"modified":"2021-09-06T15:39:02","modified_gmt":"2021-09-06T15:39:02","slug":"horarios-de-entrada-para-el-dia-10-y-sucesivos","status":"publish","type":"post","link":"https:\/\/blogsaverroes.juntadeandalucia.es\/sanlorenzo\/2021\/09\/06\/horarios-de-entrada-para-el-dia-10-y-sucesivos\/","title":{"rendered":"Horarios de entrada para el d\u00eda 10 y sucesivos."},"content":{"rendered":"<p>Estimadas Familias,<\/p>\n<p>en el archivo adjunto les facilitamos el horario de incorporaci\u00f3n de los distintos grupos para el d\u00eda 10 y sucesivos. Como novedades, tengan en cuenta que, por estar el acceso al edificio principal en obras (C\/ Mu\u00f1ices) esa puerta queda deshabilitada, utilizando los grupos de 5\u00ba y 6\u00ba el acceso por el jard\u00edn; tambi\u00e9n se utilizar\u00e1 este acceso para el Aula Matinal y para todo aquel que necesite hacer alg\u00fan tr\u00e1mite administrativo presencial (con cita previa). Los alumnos\/as de 3\u00ba y 4\u00ba acceder\u00e1n a trav\u00e9s del callej\u00f3n de C\/ Santa In\u00e9s, y el alumnado de Infantil, 1\u00ba y 2\u00ba quedar\u00e1n ubicados en el edificio de calle Esca\u00f1uela.&nbsp;<\/p>\n<p>Les deseamos un feliz comienzo de curso<\/p>\n<p>pinche <a href=\"https:\/\/blogsaverroes.juntadeandalucia.es\/sanlorenzo\/files\/2021\/09\/Horarios.pdf\">aqu\u00ed<\/a><\/p>\n","protected":false},"excerpt":{"rendered":"<p>Estimadas Familias, en el archivo adjunto les facilitamos el horario de incorporaci\u00f3n de los distintos grupos para el d\u00eda 10 y sucesivos. Como novedades, tengan en cuenta que, por estar el acceso al edificio principal en obras (C\/ Mu\u00f1ices) esa puerta queda deshabilitada, utilizando los grupos de 5\u00ba y 6\u00ba el acceso por el jard\u00edn; &hellip; <\/p>\n<p class=\"link-more\"><a href=\"https:\/\/blogsaverroes.juntadeandalucia.es\/sanlorenzo\/2021\/09\/06\/horarios-de-entrada-para-el-dia-10-y-sucesivos\/\" class=\"more-link\">Continuar leyendo<span class=\"screen-reader-text\"> \u00abHorarios de entrada para el d\u00eda 10 y sucesivos.\u00bb<\/span><\/a><\/p>\n","protected":false},"author":6860,"featured_media":0,"comment_status":"open","ping_status":"open","sticky":false,"template":"","format":"standard","meta":{"ngg_post_thumbnail":0,"footnotes":""},"categories":[11909],"tags":[],"aioseo_notices":[],"_links":{"self":[{"href":"https:\/\/blogsaverroes.juntadeandalucia.es\/sanlorenzo\/wp-json\/wp\/v2\/posts\/3264"}],"collection":[{"href":"https:\/\/blogsaverroes.juntadeandalucia.es\/sanlorenzo\/wp-json\/wp\/v2\/posts"}],"about":[{"href":"https:\/\/blogsaverroes.juntadeandalucia.es\/sanlorenzo\/wp-json\/wp\/v2\/types\/post"}],"author":[{"embeddable":true,"href":"https:\/\/blogsaverroes.juntadeandalucia.es\/sanlorenzo\/wp-json\/wp\/v2\/users\/6860"}],"replies":[{"embeddable":true,"href":"https:\/\/blogsaverroes.juntadeandalucia.es\/sanlorenzo\/wp-json\/wp\/v2\/comments?post=3264"}],"version-history":[{"count":3,"href":"https:\/\/blogsaverroes.juntadeandalucia.es\/sanlorenzo\/wp-json\/wp\/v2\/posts\/3264\/revisions"}],"predecessor-version":[{"id":3268,"href":"https:\/\/blogsaverroes.juntadeandalucia.es\/sanlorenzo\/wp-json\/wp\/v2\/posts\/3264\/revisions\/3268"}],"wp:attachment":[{"href":"https:\/\/blogsaverroes.juntadeandalucia.es\/sanlorenzo\/wp-json\/wp\/v2\/media?parent=3264"}],"wp:term":[{"taxonomy":"category","embeddable":true,"href":"https:\/\/blogsaverroes.juntadeandalucia.es\/sanlorenzo\/wp-json\/wp\/v2\/categories?post=3264"},{"taxonomy":"post_tag","embeddable":true,"href":"https:\/\/blogsaverroes.juntadeandalucia.es\/sanlorenzo\/wp-json\/wp\/v2\/tags?post=3264"}],"curies":[{"name":"wp","href":"https:\/\/api.w.org\/{rel}","templated":true}]}}