{"id":1350,"date":"2023-12-03T11:57:14","date_gmt":"2023-12-03T10:57:14","guid":{"rendered":"https:\/\/blogsaverroes.juntadeandalucia.es\/seccionesoiescarmendeburgos\/?p=1350"},"modified":"2024-01-26T12:15:14","modified_gmt":"2024-01-26T11:15:14","slug":"3-diciembre-dia-de-la-diversidad-funcional","status":"publish","type":"post","link":"https:\/\/blogsaverroes.juntadeandalucia.es\/seccionesoiescarmendeburgos\/3-diciembre-dia-de-la-diversidad-funcional\/","title":{"rendered":"3 Diciembre &#8211; D\u00eda de la diversidad funcional"},"content":{"rendered":"<p>En colaboraci\u00f3n con la Asociaci\u00f3n ANDA, se organiz\u00f3 un taller con 1\u00b0 y 2\u00b0 ESO y el aula de Educaci\u00f3n Especial para <strong>sensibilizar, y sobre todo, vivenciar, las dificultades con las que las personas con diversidad funcional se enfrentan a su d\u00eda a d\u00eda<\/strong>. Pero no solo eso, si no tambi\u00e9n para comprobar c\u00f3mo existen diferentes estrategias para poder realizar actividades del d\u00eda a d\u00eda y c\u00f3mo desarrollan tambi\u00e9n otras capacidades tambi\u00e9n funcionales. <\/p>\n<p>Se llevaron a cabo diferentes estaciones en las que ten\u00edan que realizar actividades con algunos obst\u00e1culos como: llenar un vaso de agua con los ojos vendados y un compa\u00f1ero-gu\u00eda, adivinar objetos con el tacto, abrir y cerrar botes o abrochar y desabrochar botones con diferentes tipos de guantes, etc.ngg_shortcode_0_placeholder<\/p>\n","protected":false},"excerpt":{"rendered":"<p>En colaboraci\u00f3n con la Asociaci\u00f3n ANDA, se organiz\u00f3 un taller con 1\u00b0 y 2\u00b0 ESO y el aula de Educaci\u00f3n Especial para sensibilizar, y sobre todo, vivenciar, las dificultades con las que las personas con diversidad funcional se enfrentan a su d\u00eda a d\u00eda. Pero no solo eso, si no tambi\u00e9n para comprobar c\u00f3mo existen [&hellip;]<\/p>\n","protected":false},"author":16604,"featured_media":1373,"comment_status":"closed","ping_status":"open","sticky":false,"template":"","format":"standard","meta":{"_et_pb_use_builder":"","_et_pb_old_content":"","_et_gb_content_width":"","ngg_post_thumbnail":0,"footnotes":""},"categories":[1],"tags":[],"aioseo_notices":[],"post_mailing_queue_ids":[],"_links":{"self":[{"href":"https:\/\/blogsaverroes.juntadeandalucia.es\/seccionesoiescarmendeburgos\/wp-json\/wp\/v2\/posts\/1350"}],"collection":[{"href":"https:\/\/blogsaverroes.juntadeandalucia.es\/seccionesoiescarmendeburgos\/wp-json\/wp\/v2\/posts"}],"about":[{"href":"https:\/\/blogsaverroes.juntadeandalucia.es\/seccionesoiescarmendeburgos\/wp-json\/wp\/v2\/types\/post"}],"author":[{"embeddable":true,"href":"https:\/\/blogsaverroes.juntadeandalucia.es\/seccionesoiescarmendeburgos\/wp-json\/wp\/v2\/users\/16604"}],"replies":[{"embeddable":true,"href":"https:\/\/blogsaverroes.juntadeandalucia.es\/seccionesoiescarmendeburgos\/wp-json\/wp\/v2\/comments?post=1350"}],"version-history":[{"count":3,"href":"https:\/\/blogsaverroes.juntadeandalucia.es\/seccionesoiescarmendeburgos\/wp-json\/wp\/v2\/posts\/1350\/revisions"}],"predecessor-version":[{"id":1374,"href":"https:\/\/blogsaverroes.juntadeandalucia.es\/seccionesoiescarmendeburgos\/wp-json\/wp\/v2\/posts\/1350\/revisions\/1374"}],"wp:featuredmedia":[{"embeddable":true,"href":"https:\/\/blogsaverroes.juntadeandalucia.es\/seccionesoiescarmendeburgos\/wp-json\/wp\/v2\/media\/1373"}],"wp:attachment":[{"href":"https:\/\/blogsaverroes.juntadeandalucia.es\/seccionesoiescarmendeburgos\/wp-json\/wp\/v2\/media?parent=1350"}],"wp:term":[{"taxonomy":"category","embeddable":true,"href":"https:\/\/blogsaverroes.juntadeandalucia.es\/seccionesoiescarmendeburgos\/wp-json\/wp\/v2\/categories?post=1350"},{"taxonomy":"post_tag","embeddable":true,"href":"https:\/\/blogsaverroes.juntadeandalucia.es\/seccionesoiescarmendeburgos\/wp-json\/wp\/v2\/tags?post=1350"}],"curies":[{"name":"wp","href":"https:\/\/api.w.org\/{rel}","templated":true}]}}