{"id":1904,"date":"2021-02-25T13:28:39","date_gmt":"2021-02-25T12:28:39","guid":{"rendered":"https:\/\/blogsaverroes.juntadeandalucia.es\/segundonaranjo\/?p=1904"},"modified":"2021-04-21T19:50:56","modified_gmt":"2021-04-21T17:50:56","slug":"recordando-andalucia","status":"publish","type":"post","link":"https:\/\/blogsaverroes.juntadeandalucia.es\/segundonaranjo\/2021\/02\/25\/recordando-andalucia\/","title":{"rendered":"RECORDANDO ANDALUC\u00cdA"},"content":{"rendered":"<p>PACO, EL ABUELO DE LUC\u00cdA NOS CUENTA LO FELIZ QUE FUE EN SU NI\u00d1EZ.<\/p>\n<p><img loading=\"lazy\" decoding=\"async\" class=\"size-medium wp-image-1905 alignleft\" src=\"https:\/\/blogsaverroes.juntadeandalucia.es\/segundonaranjo\/files\/2021\/02\/Luc\u00eda-3-225x300.jpg\" alt=\"\" width=\"225\" height=\"300\" srcset=\"https:\/\/blogsaverroes.juntadeandalucia.es\/segundonaranjo\/files\/2021\/02\/Luc\u00eda-3-225x300.jpg 225w, https:\/\/blogsaverroes.juntadeandalucia.es\/segundonaranjo\/files\/2021\/02\/Luc\u00eda-3-768x1024.jpg 768w, https:\/\/blogsaverroes.juntadeandalucia.es\/segundonaranjo\/files\/2021\/02\/Luc\u00eda-3-1152x1536.jpg 1152w, https:\/\/blogsaverroes.juntadeandalucia.es\/segundonaranjo\/files\/2021\/02\/Luc\u00eda-3.jpg 1536w\" sizes=\"(max-width: 225px) 100vw, 225px\" \/><\/p>\n<p>&nbsp;<\/p>\n<p><a href=\"https:\/\/drive.google.com\/file\/d\/1wcKeMI34A34WUgPxThBJ7-iplhydJyb2\/view?usp=sharing\"><img loading=\"lazy\" decoding=\"async\" class=\"alignleft size-medium wp-image-1906\" src=\"https:\/\/blogsaverroes.juntadeandalucia.es\/segundonaranjo\/files\/2021\/02\/Luc\u00eda-168x300.jpg\" alt=\"\" width=\"168\" height=\"300\" srcset=\"https:\/\/blogsaverroes.juntadeandalucia.es\/segundonaranjo\/files\/2021\/02\/Luc\u00eda-168x300.jpg 168w, https:\/\/blogsaverroes.juntadeandalucia.es\/segundonaranjo\/files\/2021\/02\/Luc\u00eda-575x1024.jpg 575w, https:\/\/blogsaverroes.juntadeandalucia.es\/segundonaranjo\/files\/2021\/02\/Luc\u00eda-768x1368.jpg 768w, https:\/\/blogsaverroes.juntadeandalucia.es\/segundonaranjo\/files\/2021\/02\/Luc\u00eda-863x1536.jpg 863w, https:\/\/blogsaverroes.juntadeandalucia.es\/segundonaranjo\/files\/2021\/02\/Luc\u00eda.jpg 1150w\" sizes=\"(max-width: 168px) 100vw, 168px\" \/><\/a><\/p>\n<p>&nbsp;<\/p>\n<p>&nbsp;<\/p>\n<p>&nbsp;<\/p>\n<p>&nbsp;<\/p>\n<p>&nbsp;<\/p>\n<p>&nbsp;<\/p>\n<p>&nbsp;<\/p>\n<p>&nbsp;<\/p>\n<p>LA ABUELA DE SAMUEL GALLEGO NOS CUENTA LOS JUEGOS Y LAS TRAVESURAS QUE HAC\u00cdAN DE PEQUE\u00d1OS.<\/p>\n<p><a href=\"https:\/\/drive.google.com\/file\/d\/1cISm39P9VfuyjXFIfh_dqY9X0LIhC8kR\/view?usp=sharing\"><img loading=\"lazy\" decoding=\"async\" class=\"wp-image-1909 size-medium aligncenter\" src=\"https:\/\/blogsaverroes.juntadeandalucia.es\/segundonaranjo\/files\/2021\/02\/IMG-20210221-WA0069-e1614254341765-300x169.jpg\" alt=\"\" width=\"300\" height=\"169\" srcset=\"https:\/\/blogsaverroes.juntadeandalucia.es\/segundonaranjo\/files\/2021\/02\/IMG-20210221-WA0069-e1614254341765-300x169.jpg 300w, https:\/\/blogsaverroes.juntadeandalucia.es\/segundonaranjo\/files\/2021\/02\/IMG-20210221-WA0069-e1614254341765-1024x576.jpg 1024w, https:\/\/blogsaverroes.juntadeandalucia.es\/segundonaranjo\/files\/2021\/02\/IMG-20210221-WA0069-e1614254341765-768x432.jpg 768w, https:\/\/blogsaverroes.juntadeandalucia.es\/segundonaranjo\/files\/2021\/02\/IMG-20210221-WA0069-e1614254341765-1536x864.jpg 1536w, https:\/\/blogsaverroes.juntadeandalucia.es\/segundonaranjo\/files\/2021\/02\/IMG-20210221-WA0069-e1614254341765.jpg 2048w\" sizes=\"(max-width: 300px) 100vw, 300px\" \/><\/a><\/p>\n<p>EL ABUELO Y LA ABUELA DE JUAN CARLOS NOS CUENTAN COSAS DE SU INFANCIA.<\/p>\n<p><img loading=\"lazy\" decoding=\"async\" class=\"size-medium wp-image-1910\" src=\"https:\/\/blogsaverroes.juntadeandalucia.es\/segundonaranjo\/files\/2021\/02\/IMG_20181024_164815-225x300.jpg\" alt=\"\" width=\"225\" height=\"300\" srcset=\"https:\/\/blogsaverroes.juntadeandalucia.es\/segundonaranjo\/files\/2021\/02\/IMG_20181024_164815-225x300.jpg 225w, https:\/\/blogsaverroes.juntadeandalucia.es\/segundonaranjo\/files\/2021\/02\/IMG_20181024_164815-768x1024.jpg 768w, https:\/\/blogsaverroes.juntadeandalucia.es\/segundonaranjo\/files\/2021\/02\/IMG_20181024_164815-1152x1536.jpg 1152w, https:\/\/blogsaverroes.juntadeandalucia.es\/segundonaranjo\/files\/2021\/02\/IMG_20181024_164815-1536x2048.jpg 1536w, https:\/\/blogsaverroes.juntadeandalucia.es\/segundonaranjo\/files\/2021\/02\/IMG_20181024_164815-scaled.jpg 1920w\" sizes=\"(max-width: 225px) 100vw, 225px\" \/><\/p>\n<p><a href=\"https:\/\/drive.google.com\/file\/d\/1EjHMjs4KiYvLPqwh6gIxtyOEUK5rZk0f\/view?usp=sharing\"><img loading=\"lazy\" decoding=\"async\" class=\"alignleft size-medium wp-image-1911\" src=\"https:\/\/blogsaverroes.juntadeandalucia.es\/segundonaranjo\/files\/2021\/02\/IMG-20210224-WA0002-225x300.jpg\" alt=\"\" width=\"225\" height=\"300\" srcset=\"https:\/\/blogsaverroes.juntadeandalucia.es\/segundonaranjo\/files\/2021\/02\/IMG-20210224-WA0002-225x300.jpg 225w, https:\/\/blogsaverroes.juntadeandalucia.es\/segundonaranjo\/files\/2021\/02\/IMG-20210224-WA0002-768x1024.jpg 768w, https:\/\/blogsaverroes.juntadeandalucia.es\/segundonaranjo\/files\/2021\/02\/IMG-20210224-WA0002-1152x1536.jpg 1152w, https:\/\/blogsaverroes.juntadeandalucia.es\/segundonaranjo\/files\/2021\/02\/IMG-20210224-WA0002.jpg 1200w\" sizes=\"(max-width: 225px) 100vw, 225px\" \/><\/a><\/p>\n<p>&nbsp;<\/p>\n<p>&nbsp;<\/p>\n<p>&nbsp;<\/p>\n<p>&nbsp;<\/p>\n<p>&nbsp;<\/p>\n<p>&nbsp;<\/p>\n<p>&nbsp;<\/p>\n<p>&nbsp;<\/p>\n<p><a href=\"https:\/\/drive.google.com\/file\/d\/1yDlQAJpUgSLQEO6c9cu5umUlII4-Yurm\/view?usp=sharing\"><span style=\"font-size: 36pt\">PABLO<\/span><\/a><\/p>\n<p style=\"text-align: left\">LOS ABUELOS DE PABLO NOS CANTAN UNA CANCI\u00d3N DE CU\u00c1NDO ERAN PEQUE\u00d1OS.<\/p>\n<p>SI PINCH\u00c1IS EN LA IMAGEN DE JAVIER PODR\u00c9IS ESCUCHAR LO QUE NOS CUENTA:<\/p>\n<p><a href=\"https:\/\/drive.google.com\/file\/d\/1P0El6Gp5NW6vsNGl9zO8FeQdQR7lZVDK\/view?usp=sharing\"><img loading=\"lazy\" decoding=\"async\" class=\"alignleft size-medium wp-image-1916\" src=\"https:\/\/blogsaverroes.juntadeandalucia.es\/segundonaranjo\/files\/2021\/02\/Javier-225x300.jpg\" alt=\"\" width=\"225\" height=\"300\" srcset=\"https:\/\/blogsaverroes.juntadeandalucia.es\/segundonaranjo\/files\/2021\/02\/Javier-225x300.jpg 225w, https:\/\/blogsaverroes.juntadeandalucia.es\/segundonaranjo\/files\/2021\/02\/Javier-769x1024.jpg 769w, https:\/\/blogsaverroes.juntadeandalucia.es\/segundonaranjo\/files\/2021\/02\/Javier-768x1023.jpg 768w, https:\/\/blogsaverroes.juntadeandalucia.es\/segundonaranjo\/files\/2021\/02\/Javier-1153x1536.jpg 1153w, https:\/\/blogsaverroes.juntadeandalucia.es\/segundonaranjo\/files\/2021\/02\/Javier-1538x2048.jpg 1538w, https:\/\/blogsaverroes.juntadeandalucia.es\/segundonaranjo\/files\/2021\/02\/Javier-scaled.jpg 1922w\" sizes=\"(max-width: 225px) 100vw, 225px\" \/><\/a><\/p>\n<p>&nbsp;<\/p>\n<p>&nbsp;<\/p>\n<p>&nbsp;<\/p>\n<p>&nbsp;<\/p>\n<p>&nbsp;<\/p>\n<p>&nbsp;<\/p>\n<p>&nbsp;<\/p>\n<p>&nbsp;<\/p>\n<p><a href=\"https:\/\/drive.google.com\/file\/d\/1FsvDgnjXwOrFnpeDdVKf4HKsbnmuMAbC\/view?usp=sharing\"><span style=\"font-size: 36pt\">ABUELA DE RAFA<\/span><\/a><\/p>\n<p><a href=\"https:\/\/drive.google.com\/file\/d\/1A8Jm8D2Lv20SghFqoTLoJw4Ps_55nFMu\/view?usp=sharing\"><span style=\"font-size: 36pt\">ABUELO DE RAFA<\/span><\/a><\/p>\n<p><a href=\"https:\/\/drive.google.com\/file\/d\/11pT8Eq3q-BSK8ZBKxaKWPPwzIV2oblA9\/view?usp=sharing\"><span style=\"font-size: 36pt\">ABUELA RAFA<\/span><\/a><\/p>\n<p>&nbsp;<\/p>\n","protected":false},"excerpt":{"rendered":"<p>PACO, EL ABUELO DE LUC\u00cdA NOS CUENTA LO FELIZ QUE FUE EN SU NI\u00d1EZ. &nbsp; &nbsp; &nbsp; &nbsp; &nbsp; &nbsp; &nbsp; &nbsp; &nbsp; LA ABUELA DE SAMUEL GALLEGO NOS CUENTA LOS JUEGOS Y LAS TRAVESURAS QUE HAC\u00cdAN DE PEQUE\u00d1OS. EL ABUELO Y LA ABUELA DE JUAN CARLOS NOS CUENTAN COSAS DE SU INFANCIA. &nbsp; &nbsp; [&hellip;]<\/p>\n","protected":false},"author":6681,"featured_media":2087,"comment_status":"open","ping_status":"open","sticky":false,"template":"","format":"standard","meta":{"ngg_post_thumbnail":0,"footnotes":""},"categories":[144,962,11909,651],"tags":[],"aioseo_notices":[],"_links":{"self":[{"href":"https:\/\/blogsaverroes.juntadeandalucia.es\/segundonaranjo\/wp-json\/wp\/v2\/posts\/1904"}],"collection":[{"href":"https:\/\/blogsaverroes.juntadeandalucia.es\/segundonaranjo\/wp-json\/wp\/v2\/posts"}],"about":[{"href":"https:\/\/blogsaverroes.juntadeandalucia.es\/segundonaranjo\/wp-json\/wp\/v2\/types\/post"}],"author":[{"embeddable":true,"href":"https:\/\/blogsaverroes.juntadeandalucia.es\/segundonaranjo\/wp-json\/wp\/v2\/users\/6681"}],"replies":[{"embeddable":true,"href":"https:\/\/blogsaverroes.juntadeandalucia.es\/segundonaranjo\/wp-json\/wp\/v2\/comments?post=1904"}],"version-history":[{"count":7,"href":"https:\/\/blogsaverroes.juntadeandalucia.es\/segundonaranjo\/wp-json\/wp\/v2\/posts\/1904\/revisions"}],"predecessor-version":[{"id":1917,"href":"https:\/\/blogsaverroes.juntadeandalucia.es\/segundonaranjo\/wp-json\/wp\/v2\/posts\/1904\/revisions\/1917"}],"wp:featuredmedia":[{"embeddable":true,"href":"https:\/\/blogsaverroes.juntadeandalucia.es\/segundonaranjo\/wp-json\/wp\/v2\/media\/2087"}],"wp:attachment":[{"href":"https:\/\/blogsaverroes.juntadeandalucia.es\/segundonaranjo\/wp-json\/wp\/v2\/media?parent=1904"}],"wp:term":[{"taxonomy":"category","embeddable":true,"href":"https:\/\/blogsaverroes.juntadeandalucia.es\/segundonaranjo\/wp-json\/wp\/v2\/categories?post=1904"},{"taxonomy":"post_tag","embeddable":true,"href":"https:\/\/blogsaverroes.juntadeandalucia.es\/segundonaranjo\/wp-json\/wp\/v2\/tags?post=1904"}],"curies":[{"name":"wp","href":"https:\/\/api.w.org\/{rel}","templated":true}]}}