{"id":2078,"date":"2021-04-21T18:48:07","date_gmt":"2021-04-21T16:48:07","guid":{"rendered":"https:\/\/blogsaverroes.juntadeandalucia.es\/segundonaranjo\/?p=2078"},"modified":"2021-04-25T17:33:17","modified_gmt":"2021-04-25T15:33:17","slug":"una-semana-de-cuento","status":"publish","type":"post","link":"https:\/\/blogsaverroes.juntadeandalucia.es\/segundonaranjo\/2021\/04\/21\/una-semana-de-cuento\/","title":{"rendered":"UNA SEMANA DE CUENTO"},"content":{"rendered":"<p>Este curso, la semana cultural del colegio ha girado en torno a los cuentos.<\/p>\n<p>Nosotros la hemos llamado una semana de cuento, porque ha sido el eje principal alrededor del que ha girado nuestro trabajo.<\/p>\n<p>Por una parte hemos participado en la actividad de librotubers con grabaciones hechas por el alumnado, en las que han hecho una rese\u00f1a o recomendaci\u00f3n de alg\u00fan libro le\u00eddo.<\/p>\n<p><a href=\"https:\/\/docs.google.com\/presentation\/d\/1hRpzue1dcorWnQCBzCmSl_I-RRlALTX8ZpvHRcS9RYo\/edit?usp=sharing\"><img loading=\"lazy\" decoding=\"async\" class=\"size-medium wp-image-2079 aligncenter\" src=\"https:\/\/blogsaverroes.juntadeandalucia.es\/segundonaranjo\/files\/2021\/04\/LIBROTUBERS-2\u00ba-300x169.jpg\" alt=\"\" width=\"300\" height=\"169\" srcset=\"https:\/\/blogsaverroes.juntadeandalucia.es\/segundonaranjo\/files\/2021\/04\/LIBROTUBERS-2\u00ba-300x169.jpg 300w, https:\/\/blogsaverroes.juntadeandalucia.es\/segundonaranjo\/files\/2021\/04\/LIBROTUBERS-2\u00ba-768x432.jpg 768w, https:\/\/blogsaverroes.juntadeandalucia.es\/segundonaranjo\/files\/2021\/04\/LIBROTUBERS-2\u00ba.jpg 960w\" sizes=\"(max-width: 300px) 100vw, 300px\" \/><\/a><\/p>\n<p>Tambi\u00e9n hemos tenido \u00abUn cuento para cada d\u00eda\u00bb, gracias a algunas madres que han sido nuestros cuentacuentos:<\/p>\n<p>\u00abCONFUNDIENDO HISTORIAS\u00bb por Marta, mam\u00e1 de Pablo:<\/p>\n<p><a href=\"https:\/\/drive.google.com\/file\/d\/10tE9z67nIEhM15dKyhvfsjxcNE8Y1O7r\/view?usp=sharing\"><img loading=\"lazy\" decoding=\"async\" class=\"aligncenter\" src=\"http:\/\/2.bp.blogspot.com\/-sgIIjhYoZuM\/TpBfAix-LdI\/AAAAAAAABTA\/9AmPpmXKc7o\/w1200-h630-p-k-no-nu\/confundiendo.jpg\" alt=\"EL RINC\u00d3N DE LA LECTURA: CONFUNDIENDO HISTORIAS\" width=\"198\" height=\"216\"><\/a><\/p>\n<p>\u00abUn bosque tranquilo\u00bb, por M\u00aa Jos\u00e9, la mam\u00e1 de Rafa.<\/p>\n<p><a href=\"https:\/\/drive.google.com\/file\/d\/192N32gg-NEPDJZtpiikfgTYhPptMe_mx\/view?usp=sharing\"><img loading=\"lazy\" decoding=\"async\" class=\"aligncenter\" src=\"https:\/\/imagessl2.casadellibro.com\/a\/l\/t7\/12\/9788499501512.jpg\" alt=\"UN BOSQUE TRANQUILO: MINDFULNESS PARA NI\u00d1OS | PATRICIA DIA CANEJA | Casa del Libro\" width=\"236\" height=\"166\"><\/a><\/p>\n<p><a href=\"https:\/\/drive.google.com\/file\/d\/1oCjsO-2dzKmRXcQgCTWczn9ertxYFfee\/view?usp=sharing\"><img loading=\"lazy\" decoding=\"async\" class=\"aligncenter\" src=\"https:\/\/pekeleke.es\/wp-content\/uploads\/2015\/08\/La-Ovejita-que-Vino-a-Cenar.jpg\" alt=\"La Ovejita que Vino a Cenar, de Steve Smallman y Joelle Dreidemy\" width=\"298\" height=\"268\"><\/a><\/p>\n<p>Otra de las actividades realizadas durante esta semana ha sido la creaci\u00f3n de un cuento colectivo.<\/p>\n<p>Primero, entre todos y todas elegimos el protagonista: \u00abUn \u00e1rbol grande\u00bb y el escenario: un parque.<\/p>\n<p>La se\u00f1o comenz\u00f3 la historia y cada ni\u00f1o y ni\u00f1a de la clase ha ido inventando lo que iba ocurriendo. Este es el t\u00edtulo: \u00abEl \u00e1rbol viejo del parque\u00bb y este el resultado.<a href=\"https:\/\/drive.google.com\/file\/d\/1QEX4f5dJOB2fXQy8KHKxB_2-XTLTFqo9\/view?usp=sharing\"><img loading=\"lazy\" decoding=\"async\" class=\"size-medium wp-image-2080 aligncenter\" src=\"https:\/\/blogsaverroes.juntadeandalucia.es\/segundonaranjo\/files\/2021\/04\/IMG_20210421_182756-300x225.jpg\" alt=\"\" width=\"300\" height=\"225\" srcset=\"https:\/\/blogsaverroes.juntadeandalucia.es\/segundonaranjo\/files\/2021\/04\/IMG_20210421_182756-300x225.jpg 300w, https:\/\/blogsaverroes.juntadeandalucia.es\/segundonaranjo\/files\/2021\/04\/IMG_20210421_182756-1024x769.jpg 1024w, https:\/\/blogsaverroes.juntadeandalucia.es\/segundonaranjo\/files\/2021\/04\/IMG_20210421_182756-768x577.jpg 768w, https:\/\/blogsaverroes.juntadeandalucia.es\/segundonaranjo\/files\/2021\/04\/IMG_20210421_182756-1536x1153.jpg 1536w, https:\/\/blogsaverroes.juntadeandalucia.es\/segundonaranjo\/files\/2021\/04\/IMG_20210421_182756-2048x1538.jpg 2048w\" sizes=\"(max-width: 300px) 100vw, 300px\" \/><\/a><\/p>\n<p>Hemos aprendido a hacer MARCAP\u00c1GINAS CON PAPEL<\/p>\n<p><img loading=\"lazy\" decoding=\"async\" class=\"alignleft size-medium wp-image-2088\" src=\"https:\/\/blogsaverroes.juntadeandalucia.es\/segundonaranjo\/files\/2021\/04\/MARCAP\u00c1GINAS-1-300x300.jpg\" alt=\"\" width=\"300\" height=\"300\" srcset=\"https:\/\/blogsaverroes.juntadeandalucia.es\/segundonaranjo\/files\/2021\/04\/MARCAP\u00c1GINAS-1-300x300.jpg 300w, https:\/\/blogsaverroes.juntadeandalucia.es\/segundonaranjo\/files\/2021\/04\/MARCAP\u00c1GINAS-1-1024x1024.jpg 1024w, https:\/\/blogsaverroes.juntadeandalucia.es\/segundonaranjo\/files\/2021\/04\/MARCAP\u00c1GINAS-1-150x150.jpg 150w, https:\/\/blogsaverroes.juntadeandalucia.es\/segundonaranjo\/files\/2021\/04\/MARCAP\u00c1GINAS-1-768x768.jpg 768w, https:\/\/blogsaverroes.juntadeandalucia.es\/segundonaranjo\/files\/2021\/04\/MARCAP\u00c1GINAS-1-1536x1536.jpg 1536w, https:\/\/blogsaverroes.juntadeandalucia.es\/segundonaranjo\/files\/2021\/04\/MARCAP\u00c1GINAS-1.jpg 1920w\" sizes=\"(max-width: 300px) 100vw, 300px\" \/><\/p>\n<p>&nbsp;<\/p>\n<p>&nbsp;<\/p>\n<p>&nbsp;<\/p>\n<p>&nbsp;<\/p>\n<p>&nbsp;<\/p>\n<p>&nbsp;<\/p>\n<p>&nbsp;<\/p>\n<p>&nbsp;<\/p>\n<p>Por \u00faltimo queremos compartir que hemos escuchado el cuento \u00abJuana sin miedo\u00bb elaborado por el personal sanitario de Reina Sof\u00eda y que han ilustrado los compa\u00f1eros y compa\u00f1eras de la clase de 6\u00ba, a propuesta de la biblioteca de este hospital. Es un cuento cuyo objetivo es ayudar a los ni\u00f1os y ni\u00f1as, que tienen que ser ingresados o hacerse pruebas m\u00e9dicas, a perder el miedo a lo desconocido.<\/p>\n<p>&nbsp;<\/p>\n<p>&nbsp;<\/p>\n<p><iframe loading=\"lazy\" src=\"\/\/www.slideshare.net\/slideshow\/embed_code\/key\/K2OYwwgwVv3pnl\" width=\"668\" height=\"714\" frameborder=\"0\" marginwidth=\"0\" marginheight=\"0\" scrolling=\"no\"> <\/iframe><\/p>\n<div style=\"margin-bottom: 5px\"><strong> <a title=\"Juana sin miedo (2).pptx\" href=\"\/\/www.slideshare.net\/MANMENDELPINO\/juana-sin-miedo-2pptx\" target=\"_blank\" rel=\"noopener noreferrer\">Juana sin miedo (2).pptx<\/a> <\/strong> de <strong><a href=\"https:\/\/www.slideshare.net\/MANMENDELPINO\" target=\"_blank\" rel=\"noopener noreferrer\">MANMENDELPINO<\/a><\/strong><\/div>\n","protected":false},"excerpt":{"rendered":"<p>Este curso, la semana cultural del colegio ha girado en torno a los cuentos. Nosotros la hemos llamado una semana de cuento, porque ha sido el eje principal alrededor del que ha girado nuestro trabajo. Por una parte hemos participado en la actividad de librotubers con grabaciones hechas por el alumnado, en las que han [&hellip;]<\/p>\n","protected":false},"author":6681,"featured_media":2082,"comment_status":"open","ping_status":"open","sticky":false,"template":"","format":"standard","meta":{"ngg_post_thumbnail":0,"footnotes":""},"categories":[1923765,962,1923763,317,1923771,1923770,521],"tags":[],"aioseo_notices":[],"_links":{"self":[{"href":"https:\/\/blogsaverroes.juntadeandalucia.es\/segundonaranjo\/wp-json\/wp\/v2\/posts\/2078"}],"collection":[{"href":"https:\/\/blogsaverroes.juntadeandalucia.es\/segundonaranjo\/wp-json\/wp\/v2\/posts"}],"about":[{"href":"https:\/\/blogsaverroes.juntadeandalucia.es\/segundonaranjo\/wp-json\/wp\/v2\/types\/post"}],"author":[{"embeddable":true,"href":"https:\/\/blogsaverroes.juntadeandalucia.es\/segundonaranjo\/wp-json\/wp\/v2\/users\/6681"}],"replies":[{"embeddable":true,"href":"https:\/\/blogsaverroes.juntadeandalucia.es\/segundonaranjo\/wp-json\/wp\/v2\/comments?post=2078"}],"version-history":[{"count":4,"href":"https:\/\/blogsaverroes.juntadeandalucia.es\/segundonaranjo\/wp-json\/wp\/v2\/posts\/2078\/revisions"}],"predecessor-version":[{"id":2103,"href":"https:\/\/blogsaverroes.juntadeandalucia.es\/segundonaranjo\/wp-json\/wp\/v2\/posts\/2078\/revisions\/2103"}],"wp:featuredmedia":[{"embeddable":true,"href":"https:\/\/blogsaverroes.juntadeandalucia.es\/segundonaranjo\/wp-json\/wp\/v2\/media\/2082"}],"wp:attachment":[{"href":"https:\/\/blogsaverroes.juntadeandalucia.es\/segundonaranjo\/wp-json\/wp\/v2\/media?parent=2078"}],"wp:term":[{"taxonomy":"category","embeddable":true,"href":"https:\/\/blogsaverroes.juntadeandalucia.es\/segundonaranjo\/wp-json\/wp\/v2\/categories?post=2078"},{"taxonomy":"post_tag","embeddable":true,"href":"https:\/\/blogsaverroes.juntadeandalucia.es\/segundonaranjo\/wp-json\/wp\/v2\/tags?post=2078"}],"curies":[{"name":"wp","href":"https:\/\/api.w.org\/{rel}","templated":true}]}}