{"id":1083,"date":"2023-06-08T15:45:21","date_gmt":"2023-06-08T15:45:21","guid":{"rendered":"https:\/\/blogsaverroes.juntadeandalucia.es\/senomila\/?p=1083"},"modified":"2023-06-08T15:45:21","modified_gmt":"2023-06-08T15:45:21","slug":"cumpleanos-de-mayo","status":"publish","type":"post","link":"https:\/\/blogsaverroes.juntadeandalucia.es\/senomila\/2023\/06\/08\/cumpleanos-de-mayo\/","title":{"rendered":"CUMPLEA\u00d1OS DE MAYO"},"content":{"rendered":"<p>EN EL MES DE MAYO CELEBRAMOS EL CUMPLEA\u00d1OS DE LUC\u00cdA, DANIELA Y D\u00c9NIZ<\/p>\n<p><img loading=\"lazy\" decoding=\"async\" class=\"alignnone size-large wp-image-1084\" src=\"https:\/\/blogsaverroes.juntadeandalucia.es\/senomila\/files\/2023\/06\/D3003DB1-842A-4128-8935-82B4D308E9B9-768x1024.jpeg\" alt=\"\" width=\"768\" height=\"1024\" srcset=\"https:\/\/blogsaverroes.juntadeandalucia.es\/senomila\/files\/2023\/06\/D3003DB1-842A-4128-8935-82B4D308E9B9-768x1024.jpeg 768w, https:\/\/blogsaverroes.juntadeandalucia.es\/senomila\/files\/2023\/06\/D3003DB1-842A-4128-8935-82B4D308E9B9-225x300.jpeg 225w, https:\/\/blogsaverroes.juntadeandalucia.es\/senomila\/files\/2023\/06\/D3003DB1-842A-4128-8935-82B4D308E9B9-1152x1536.jpeg 1152w, https:\/\/blogsaverroes.juntadeandalucia.es\/senomila\/files\/2023\/06\/D3003DB1-842A-4128-8935-82B4D308E9B9-1536x2048.jpeg 1536w, https:\/\/blogsaverroes.juntadeandalucia.es\/senomila\/files\/2023\/06\/D3003DB1-842A-4128-8935-82B4D308E9B9-scaled.jpeg 1920w\" sizes=\"(max-width: 768px) 100vw, 768px\" \/><img loading=\"lazy\" decoding=\"async\" class=\"alignnone size-large wp-image-1086\" src=\"https:\/\/blogsaverroes.juntadeandalucia.es\/senomila\/files\/2023\/06\/0E307EF1-280D-4A24-B369-B84E6273F77C-768x1024.jpeg\" alt=\"\" width=\"768\" height=\"1024\" srcset=\"https:\/\/blogsaverroes.juntadeandalucia.es\/senomila\/files\/2023\/06\/0E307EF1-280D-4A24-B369-B84E6273F77C-768x1024.jpeg 768w, https:\/\/blogsaverroes.juntadeandalucia.es\/senomila\/files\/2023\/06\/0E307EF1-280D-4A24-B369-B84E6273F77C-225x300.jpeg 225w, https:\/\/blogsaverroes.juntadeandalucia.es\/senomila\/files\/2023\/06\/0E307EF1-280D-4A24-B369-B84E6273F77C-1152x1536.jpeg 1152w, https:\/\/blogsaverroes.juntadeandalucia.es\/senomila\/files\/2023\/06\/0E307EF1-280D-4A24-B369-B84E6273F77C-1536x2048.jpeg 1536w, https:\/\/blogsaverroes.juntadeandalucia.es\/senomila\/files\/2023\/06\/0E307EF1-280D-4A24-B369-B84E6273F77C-scaled.jpeg 1920w\" sizes=\"(max-width: 768px) 100vw, 768px\" \/><img loading=\"lazy\" decoding=\"async\" class=\"alignnone size-large wp-image-1087\" src=\"https:\/\/blogsaverroes.juntadeandalucia.es\/senomila\/files\/2023\/06\/1F1AC2C4-C837-4CB8-9B3E-858A03F3477F-768x1024.jpeg\" alt=\"\" width=\"768\" height=\"1024\" srcset=\"https:\/\/blogsaverroes.juntadeandalucia.es\/senomila\/files\/2023\/06\/1F1AC2C4-C837-4CB8-9B3E-858A03F3477F-768x1024.jpeg 768w, https:\/\/blogsaverroes.juntadeandalucia.es\/senomila\/files\/2023\/06\/1F1AC2C4-C837-4CB8-9B3E-858A03F3477F-225x300.jpeg 225w, https:\/\/blogsaverroes.juntadeandalucia.es\/senomila\/files\/2023\/06\/1F1AC2C4-C837-4CB8-9B3E-858A03F3477F-1152x1536.jpeg 1152w, https:\/\/blogsaverroes.juntadeandalucia.es\/senomila\/files\/2023\/06\/1F1AC2C4-C837-4CB8-9B3E-858A03F3477F-1536x2048.jpeg 1536w, https:\/\/blogsaverroes.juntadeandalucia.es\/senomila\/files\/2023\/06\/1F1AC2C4-C837-4CB8-9B3E-858A03F3477F-scaled.jpeg 1920w\" sizes=\"(max-width: 768px) 100vw, 768px\" \/><\/p>\n<p><img loading=\"lazy\" decoding=\"async\" class=\"alignnone size-large wp-image-1085\" src=\"https:\/\/blogsaverroes.juntadeandalucia.es\/senomila\/files\/2023\/06\/0375FF97-178C-4F13-B982-3CE9F99DC66C-1024x768.jpeg\" alt=\"\" width=\"843\" height=\"632\" srcset=\"https:\/\/blogsaverroes.juntadeandalucia.es\/senomila\/files\/2023\/06\/0375FF97-178C-4F13-B982-3CE9F99DC66C-1024x768.jpeg 1024w, https:\/\/blogsaverroes.juntadeandalucia.es\/senomila\/files\/2023\/06\/0375FF97-178C-4F13-B982-3CE9F99DC66C-300x225.jpeg 300w, https:\/\/blogsaverroes.juntadeandalucia.es\/senomila\/files\/2023\/06\/0375FF97-178C-4F13-B982-3CE9F99DC66C-768x576.jpeg 768w, https:\/\/blogsaverroes.juntadeandalucia.es\/senomila\/files\/2023\/06\/0375FF97-178C-4F13-B982-3CE9F99DC66C-1536x1152.jpeg 1536w, https:\/\/blogsaverroes.juntadeandalucia.es\/senomila\/files\/2023\/06\/0375FF97-178C-4F13-B982-3CE9F99DC66C-2048x1536.jpeg 2048w\" sizes=\"(max-width: 843px) 100vw, 843px\" \/><img loading=\"lazy\" decoding=\"async\" class=\"alignnone size-large wp-image-1088\" src=\"https:\/\/blogsaverroes.juntadeandalucia.es\/senomila\/files\/2023\/06\/FE5447BA-2975-425B-9C50-CE1EC6F86AD5-1024x768.jpeg\" alt=\"\" width=\"843\" height=\"632\" srcset=\"https:\/\/blogsaverroes.juntadeandalucia.es\/senomila\/files\/2023\/06\/FE5447BA-2975-425B-9C50-CE1EC6F86AD5-1024x768.jpeg 1024w, https:\/\/blogsaverroes.juntadeandalucia.es\/senomila\/files\/2023\/06\/FE5447BA-2975-425B-9C50-CE1EC6F86AD5-300x225.jpeg 300w, https:\/\/blogsaverroes.juntadeandalucia.es\/senomila\/files\/2023\/06\/FE5447BA-2975-425B-9C50-CE1EC6F86AD5-768x576.jpeg 768w, https:\/\/blogsaverroes.juntadeandalucia.es\/senomila\/files\/2023\/06\/FE5447BA-2975-425B-9C50-CE1EC6F86AD5-1536x1152.jpeg 1536w, https:\/\/blogsaverroes.juntadeandalucia.es\/senomila\/files\/2023\/06\/FE5447BA-2975-425B-9C50-CE1EC6F86AD5-2048x1536.jpeg 2048w\" sizes=\"(max-width: 843px) 100vw, 843px\" \/><img loading=\"lazy\" decoding=\"async\" class=\"alignnone size-large wp-image-1089\" src=\"https:\/\/blogsaverroes.juntadeandalucia.es\/senomila\/files\/2023\/06\/0B3B5FE4-1664-49E8-9B15-6DAC5B478EF2-1024x768.jpeg\" alt=\"\" width=\"843\" height=\"632\" srcset=\"https:\/\/blogsaverroes.juntadeandalucia.es\/senomila\/files\/2023\/06\/0B3B5FE4-1664-49E8-9B15-6DAC5B478EF2-1024x768.jpeg 1024w, https:\/\/blogsaverroes.juntadeandalucia.es\/senomila\/files\/2023\/06\/0B3B5FE4-1664-49E8-9B15-6DAC5B478EF2-300x225.jpeg 300w, https:\/\/blogsaverroes.juntadeandalucia.es\/senomila\/files\/2023\/06\/0B3B5FE4-1664-49E8-9B15-6DAC5B478EF2-768x576.jpeg 768w, https:\/\/blogsaverroes.juntadeandalucia.es\/senomila\/files\/2023\/06\/0B3B5FE4-1664-49E8-9B15-6DAC5B478EF2-1536x1152.jpeg 1536w, https:\/\/blogsaverroes.juntadeandalucia.es\/senomila\/files\/2023\/06\/0B3B5FE4-1664-49E8-9B15-6DAC5B478EF2-2048x1536.jpeg 2048w\" sizes=\"(max-width: 843px) 100vw, 843px\" \/><img loading=\"lazy\" decoding=\"async\" src=\"https:\/\/blogsaverroes.juntadeandalucia.es\/senomila\/files\/2023\/06\/CA53C2F4-612A-4630-AE20-BD8C8C939D68-1024x768.jpeg\" alt=\"\" width=\"843\" height=\"632\"><\/p>\n","protected":false},"excerpt":{"rendered":"<p>EN EL MES DE MAYO CELEBRAMOS EL CUMPLEA\u00d1OS DE LUC\u00cdA, DANIELA Y D\u00c9NIZ<\/p>\n","protected":false},"author":10642,"featured_media":1085,"comment_status":"open","ping_status":"closed","sticky":false,"template":"","format":"standard","meta":{"ngg_post_thumbnail":0,"footnotes":""},"categories":[12],"tags":[],"aioseo_notices":[],"_links":{"self":[{"href":"https:\/\/blogsaverroes.juntadeandalucia.es\/senomila\/wp-json\/wp\/v2\/posts\/1083"}],"collection":[{"href":"https:\/\/blogsaverroes.juntadeandalucia.es\/senomila\/wp-json\/wp\/v2\/posts"}],"about":[{"href":"https:\/\/blogsaverroes.juntadeandalucia.es\/senomila\/wp-json\/wp\/v2\/types\/post"}],"author":[{"embeddable":true,"href":"https:\/\/blogsaverroes.juntadeandalucia.es\/senomila\/wp-json\/wp\/v2\/users\/10642"}],"replies":[{"embeddable":true,"href":"https:\/\/blogsaverroes.juntadeandalucia.es\/senomila\/wp-json\/wp\/v2\/comments?post=1083"}],"version-history":[{"count":1,"href":"https:\/\/blogsaverroes.juntadeandalucia.es\/senomila\/wp-json\/wp\/v2\/posts\/1083\/revisions"}],"predecessor-version":[{"id":1092,"href":"https:\/\/blogsaverroes.juntadeandalucia.es\/senomila\/wp-json\/wp\/v2\/posts\/1083\/revisions\/1092"}],"wp:featuredmedia":[{"embeddable":true,"href":"https:\/\/blogsaverroes.juntadeandalucia.es\/senomila\/wp-json\/wp\/v2\/media\/1085"}],"wp:attachment":[{"href":"https:\/\/blogsaverroes.juntadeandalucia.es\/senomila\/wp-json\/wp\/v2\/media?parent=1083"}],"wp:term":[{"taxonomy":"category","embeddable":true,"href":"https:\/\/blogsaverroes.juntadeandalucia.es\/senomila\/wp-json\/wp\/v2\/categories?post=1083"},{"taxonomy":"post_tag","embeddable":true,"href":"https:\/\/blogsaverroes.juntadeandalucia.es\/senomila\/wp-json\/wp\/v2\/tags?post=1083"}],"curies":[{"name":"wp","href":"https:\/\/api.w.org\/{rel}","templated":true}]}}