{"id":238,"date":"2022-11-07T11:08:08","date_gmt":"2022-11-07T11:08:08","guid":{"rendered":"https:\/\/blogsaverroes.juntadeandalucia.es\/senomila\/?p=238"},"modified":"2022-11-09T22:51:06","modified_gmt":"2022-11-09T22:51:06","slug":"delfines-3","status":"publish","type":"post","link":"https:\/\/blogsaverroes.juntadeandalucia.es\/senomila\/2022\/11\/07\/delfines-3\/","title":{"rendered":"DELFINES \ud83d\udc2c"},"content":{"rendered":"<p style=\"text-align: left\"><span style=\"font-family: helvetica, arial, sans-serif\">LOS DELFINES SON YA UNA CLASE DE 5 A\u00d1OS&nbsp;<\/span><\/p>\n<p>&nbsp;<\/p>\n<p>&nbsp;<\/p>\n<p><span style=\"font-family: helvetica, arial, sans-serif\">HACE 3 A\u00d1OS &nbsp;ENTRARON &nbsp;UNOS NI\u00d1OS Y NI\u00d1AS ,QUE ERAN LOS M\u00c1S &nbsp;PEQUE\u00d1OS DEL COLE.&nbsp;<\/span><\/p>\n<p><span style=\"font-family: helvetica, arial, sans-serif\">Y AHORA YA SON LOS MAYORES DE INFANTIL.<\/span><\/p>\n<p><span style=\"font-family: helvetica, arial, sans-serif\">CADA A\u00d1O HEMOS CONOCIDO A COMPA\u00d1EROS NUEVOS Y HEMOS DESPEDIDO A OTROS.&nbsp;<\/span><\/p>\n<p><span style=\"font-family: helvetica, arial, sans-serif\">Y AQU\u00cd EST\u00c1N LOS DELFINES DE 5 A\u00d1OS DISPUESTOS A DISFRUTAR DE ESTE CURSO EN EL QUE SE GRADUAR\u00c1N.<\/span><\/p>\n","protected":false},"excerpt":{"rendered":"<p>LOS DELFINES SON YA UNA CLASE DE 5 A\u00d1OS&nbsp; &nbsp; &nbsp; HACE 3 A\u00d1OS &nbsp;ENTRARON &nbsp;UNOS NI\u00d1OS Y NI\u00d1AS ,QUE ERAN LOS M\u00c1S &nbsp;PEQUE\u00d1OS DEL&hellip;<\/p>\n","protected":false},"author":10642,"featured_media":15,"comment_status":"open","ping_status":"open","sticky":false,"template":"","format":"standard","meta":{"ngg_post_thumbnail":0,"footnotes":""},"categories":[1],"tags":[],"aioseo_notices":[],"_links":{"self":[{"href":"https:\/\/blogsaverroes.juntadeandalucia.es\/senomila\/wp-json\/wp\/v2\/posts\/238"}],"collection":[{"href":"https:\/\/blogsaverroes.juntadeandalucia.es\/senomila\/wp-json\/wp\/v2\/posts"}],"about":[{"href":"https:\/\/blogsaverroes.juntadeandalucia.es\/senomila\/wp-json\/wp\/v2\/types\/post"}],"author":[{"embeddable":true,"href":"https:\/\/blogsaverroes.juntadeandalucia.es\/senomila\/wp-json\/wp\/v2\/users\/10642"}],"replies":[{"embeddable":true,"href":"https:\/\/blogsaverroes.juntadeandalucia.es\/senomila\/wp-json\/wp\/v2\/comments?post=238"}],"version-history":[{"count":6,"href":"https:\/\/blogsaverroes.juntadeandalucia.es\/senomila\/wp-json\/wp\/v2\/posts\/238\/revisions"}],"predecessor-version":[{"id":264,"href":"https:\/\/blogsaverroes.juntadeandalucia.es\/senomila\/wp-json\/wp\/v2\/posts\/238\/revisions\/264"}],"wp:featuredmedia":[{"embeddable":true,"href":"https:\/\/blogsaverroes.juntadeandalucia.es\/senomila\/wp-json\/wp\/v2\/media\/15"}],"wp:attachment":[{"href":"https:\/\/blogsaverroes.juntadeandalucia.es\/senomila\/wp-json\/wp\/v2\/media?parent=238"}],"wp:term":[{"taxonomy":"category","embeddable":true,"href":"https:\/\/blogsaverroes.juntadeandalucia.es\/senomila\/wp-json\/wp\/v2\/categories?post=238"},{"taxonomy":"post_tag","embeddable":true,"href":"https:\/\/blogsaverroes.juntadeandalucia.es\/senomila\/wp-json\/wp\/v2\/tags?post=238"}],"curies":[{"name":"wp","href":"https:\/\/api.w.org\/{rel}","templated":true}]}}