{"id":814,"date":"2024-09-06T10:29:44","date_gmt":"2024-09-06T09:29:44","guid":{"rendered":"https:\/\/blogsaverroes.juntadeandalucia.es\/sep-el-carpio\/?p=814"},"modified":"2024-09-06T10:29:44","modified_gmt":"2024-09-06T09:29:44","slug":"graduacion-alumnado-educacion-secundaria-obligatoria-promocion-2023-2024","status":"publish","type":"post","link":"https:\/\/blogsaverroes.juntadeandalucia.es\/sep-el-carpio\/graduacion-alumnado-educacion-secundaria-obligatoria-promocion-2023-2024\/","title":{"rendered":"Graduaci\u00f3n alumnado Educaci\u00f3n Secundaria Obligatoria promoci\u00f3n 2023-2024"},"content":{"rendered":"<div dir=\"auto\"><span style=\"font-family: 'book antiqua', palatino, serif;font-size: 14pt;color: #000000\">Esta es una publicaci\u00f3n de homenaje y orgullo a todos los alumnos y alumnas del SEP El Carpio que superaron en el pasado curso 2023-2024 la prueba para la obtenci\u00f3n del t\u00edtulo de Educaci\u00f3n secundaria Obligatoria.<\/span><\/div>\n<div dir=\"auto\"><span style=\"font-family: 'book antiqua', palatino, serif;font-size: 14pt;color: #000000\">Nuestra m\u00e1s sinceras felicitaciones desde el profesorado de este centro.Eterna gratitud por vuestra confianza ,dedicaci\u00f3n y entrega.<\/span><\/div>\n<div dir=\"auto\"><span style=\"font-family: 'book antiqua', palatino, serif;font-size: 14pt;color: #000000\"><span style=\"font-size: 12pt\">.<\/span><img loading=\"lazy\" decoding=\"async\" class=\"alignnone size-medium wp-image-815\" src=\"https:\/\/blogsaverroes.juntadeandalucia.es\/sep-el-carpio\/files\/2024\/09\/foto-1-graduacion-300x225.jpg\" alt=\"\" width=\"300\" height=\"225\" srcset=\"https:\/\/blogsaverroes.juntadeandalucia.es\/sep-el-carpio\/files\/2024\/09\/foto-1-graduacion-300x225.jpg 300w, https:\/\/blogsaverroes.juntadeandalucia.es\/sep-el-carpio\/files\/2024\/09\/foto-1-graduacion-1024x768.jpg 1024w, https:\/\/blogsaverroes.juntadeandalucia.es\/sep-el-carpio\/files\/2024\/09\/foto-1-graduacion-768x576.jpg 768w, https:\/\/blogsaverroes.juntadeandalucia.es\/sep-el-carpio\/files\/2024\/09\/foto-1-graduacion-1536x1152.jpg 1536w, https:\/\/blogsaverroes.juntadeandalucia.es\/sep-el-carpio\/files\/2024\/09\/foto-1-graduacion.jpg 2000w\" sizes=\"(max-width: 300px) 100vw, 300px\" \/> <img loading=\"lazy\" decoding=\"async\" class=\"alignnone size-medium wp-image-816\" src=\"https:\/\/blogsaverroes.juntadeandalucia.es\/sep-el-carpio\/files\/2024\/09\/foto-2-300x225.jpg\" alt=\"\" width=\"300\" height=\"225\" srcset=\"https:\/\/blogsaverroes.juntadeandalucia.es\/sep-el-carpio\/files\/2024\/09\/foto-2-300x225.jpg 300w, https:\/\/blogsaverroes.juntadeandalucia.es\/sep-el-carpio\/files\/2024\/09\/foto-2-1024x768.jpg 1024w, https:\/\/blogsaverroes.juntadeandalucia.es\/sep-el-carpio\/files\/2024\/09\/foto-2-768x576.jpg 768w, https:\/\/blogsaverroes.juntadeandalucia.es\/sep-el-carpio\/files\/2024\/09\/foto-2-1536x1152.jpg 1536w, https:\/\/blogsaverroes.juntadeandalucia.es\/sep-el-carpio\/files\/2024\/09\/foto-2.jpg 2000w\" sizes=\"(max-width: 300px) 100vw, 300px\" \/> <img loading=\"lazy\" decoding=\"async\" class=\"alignnone size-medium wp-image-817\" src=\"https:\/\/blogsaverroes.juntadeandalucia.es\/sep-el-carpio\/files\/2024\/09\/foto-3-300x225.jpg\" alt=\"\" width=\"300\" height=\"225\" srcset=\"https:\/\/blogsaverroes.juntadeandalucia.es\/sep-el-carpio\/files\/2024\/09\/foto-3-300x225.jpg 300w, https:\/\/blogsaverroes.juntadeandalucia.es\/sep-el-carpio\/files\/2024\/09\/foto-3-1024x768.jpg 1024w, https:\/\/blogsaverroes.juntadeandalucia.es\/sep-el-carpio\/files\/2024\/09\/foto-3-768x576.jpg 768w, https:\/\/blogsaverroes.juntadeandalucia.es\/sep-el-carpio\/files\/2024\/09\/foto-3-1536x1152.jpg 1536w, https:\/\/blogsaverroes.juntadeandalucia.es\/sep-el-carpio\/files\/2024\/09\/foto-3.jpg 2000w\" sizes=\"(max-width: 300px) 100vw, 300px\" \/><\/span><\/div>\n","protected":false},"excerpt":{"rendered":"<p>Esta es una publicaci\u00f3n de homenaje y orgullo a todos los alumnos y alumnas del SEP El Carpio que superaron en el pasado curso 2023-2024 la prueba para la obtenci\u00f3n del t\u00edtulo de Educaci\u00f3n&#46;&#46;&#46;<\/p>\n","protected":false},"author":17232,"featured_media":0,"comment_status":"closed","ping_status":"open","sticky":false,"template":"","format":"standard","meta":{"ngg_post_thumbnail":0,"footnotes":""},"categories":[4],"tags":[],"aioseo_notices":[],"_links":{"self":[{"href":"https:\/\/blogsaverroes.juntadeandalucia.es\/sep-el-carpio\/wp-json\/wp\/v2\/posts\/814"}],"collection":[{"href":"https:\/\/blogsaverroes.juntadeandalucia.es\/sep-el-carpio\/wp-json\/wp\/v2\/posts"}],"about":[{"href":"https:\/\/blogsaverroes.juntadeandalucia.es\/sep-el-carpio\/wp-json\/wp\/v2\/types\/post"}],"author":[{"embeddable":true,"href":"https:\/\/blogsaverroes.juntadeandalucia.es\/sep-el-carpio\/wp-json\/wp\/v2\/users\/17232"}],"replies":[{"embeddable":true,"href":"https:\/\/blogsaverroes.juntadeandalucia.es\/sep-el-carpio\/wp-json\/wp\/v2\/comments?post=814"}],"version-history":[{"count":1,"href":"https:\/\/blogsaverroes.juntadeandalucia.es\/sep-el-carpio\/wp-json\/wp\/v2\/posts\/814\/revisions"}],"predecessor-version":[{"id":818,"href":"https:\/\/blogsaverroes.juntadeandalucia.es\/sep-el-carpio\/wp-json\/wp\/v2\/posts\/814\/revisions\/818"}],"wp:attachment":[{"href":"https:\/\/blogsaverroes.juntadeandalucia.es\/sep-el-carpio\/wp-json\/wp\/v2\/media?parent=814"}],"wp:term":[{"taxonomy":"category","embeddable":true,"href":"https:\/\/blogsaverroes.juntadeandalucia.es\/sep-el-carpio\/wp-json\/wp\/v2\/categories?post=814"},{"taxonomy":"post_tag","embeddable":true,"href":"https:\/\/blogsaverroes.juntadeandalucia.es\/sep-el-carpio\/wp-json\/wp\/v2\/tags?post=814"}],"curies":[{"name":"wp","href":"https:\/\/api.w.org\/{rel}","templated":true}]}}